{"id":10145,"date":"2020-05-15T12:45:28","date_gmt":"2020-05-15T15:45:28","guid":{"rendered":"http:\/\/maricatotal.com.br\/site\/?p=10145"},"modified":"2020-05-17T22:35:16","modified_gmt":"2020-05-18T01:35:16","slug":"nelson-teich-ministro-da-saude-pede-demissao-do-cargo","status":"publish","type":"post","link":"https:\/\/maricatotal.com.br\/site\/2020\/05\/15\/nelson-teich-ministro-da-saude-pede-demissao-do-cargo\/","title":{"rendered":"NELSON TEICH, MINISTRO DA SA\u00daDE, PEDE DEMISS\u00c3O DO CARGO"},"content":{"rendered":"\n<p>O ministro da Sa\u00fade, Nelson Teich, deixou o cargo nesta sexta-feira (15). Em nota, a pasta informou que ele pediu demiss\u00e3o. Teich deixa o cargo antes mesmo de completar um m\u00eas no comando do minist\u00e9rio.<br><br><\/p>\n\n\n\n<p>Teich foi empossado no dia 17 de abril. O agora ex-ministro entrou no lugar de Luiz Henrique Mandetta, que foi demitido do cargo por discordar do presidente a respeito das medidas de combate ao coronav\u00edrus. Essa \u00e9 a segunda sa\u00edda de um ministro da Sa\u00fade durante a pandemia.<br><br><\/p>\n\n\n\n<p>Assim como Mandetta, Nelson Teich discordou do presidente sobre as medidas e a situa\u00e7\u00e3o ficou evidente nos \u00faltimos dias, principalmente quando o presidente Jair Bolsonaro decretou a reabertura de academias, barbearias e sal\u00f5es de beleza sem inform\u00e1-lo antes.<br><br><\/p>\n\n\n\n<p><strong>Cloroquina \u00e9 o piv\u00f4 de diverg\u00eancia de opini\u00f5es entre Bolsonaro e Teich<\/strong><br><br><\/p>\n\n\n\n<p>O presidente Bolsonaro disse \u00e0 apoiadores que, ap\u00f3s sua interven\u00e7\u00e3o, o Ministro da Sa\u00fade vai mudar o protocolo de uso da cloroquina, mesmo essa medida fosse contr\u00e1ria ao pensamento do ex-ministro Nelson Teich. A afirma\u00e7\u00e3o foi feita na manh\u00e3 desta sexta (15), na sa\u00edda do Pal\u00e1cio da Alvorada, quando um dos seus apoiadores questionou o presidente.<br><br><\/p>\n\n\n\n<p>&#8220;O protocolo deve ser mudado hoje porque o Conselho Federal de Medicina diz que pode usar desde o come\u00e7o ent\u00e3o. \u00c9 direito do paciente&#8221;, disse ele. Durante o dia de ontem (14), o presidente se reuniu com Teich, em uma reuni\u00e3o que inicialmente n\u00e3o estava na agenda.<br><br><\/p>\n\n\n\n<p>Bolsonaro desde o in\u00edcio sempre defendeu o uso de cloroquina em pacientes com Covid-19. J\u00e1 as pesquisas apontam um risco grande para pacientes no uso do medicamento e que tamb\u00e9m o seu uso n\u00e3o apresentou resultados relevantes. &#8220;O m\u00e9dico na ponta da linha \u00e9 escravo do protocolo. Se ele usa algo diferente do que est\u00e1 ali e o paciente tem alguma complica\u00e7\u00e3o ele pode ser processado&#8221;, disse o presidente.<br><br><\/p>\n\n\n\n<p>O minist\u00e9rio divulgou a sa\u00edda de Teich esta manh\u00e3 e \u00e0 tarde ser\u00e1 dada uma coletiva de imprensa para dar mais informa\u00e7\u00f5es sobre sua sa\u00edda.<\/p>\n","protected":false},"excerpt":{"rendered":"<p>O ministro da Sa\u00fade, Nelson Teich, deixou o cargo nesta sexta-feira (15). Em nota, a pasta informou que ele pediu<\/p>\n","protected":false},"author":1,"featured_media":10146,"comment_status":"open","ping_status":"open","sticky":false,"template":"","format":"standard","meta":{"colormag_page_container_layout":"default_layout","colormag_page_sidebar_layout":"default_layout","footnotes":""},"categories":[17],"tags":[],"class_list":["post-10145","post","type-post","status-publish","format-standard","has-post-thumbnail","hentry","category-politica"],"amp_enabled":true,"_links":{"self":[{"href":"https:\/\/maricatotal.com.br\/site\/wp-json\/wp\/v2\/posts\/10145","targetHints":{"allow":["GET"]}}],"collection":[{"href":"https:\/\/maricatotal.com.br\/site\/wp-json\/wp\/v2\/posts"}],"about":[{"href":"https:\/\/maricatotal.com.br\/site\/wp-json\/wp\/v2\/types\/post"}],"author":[{"embeddable":true,"href":"https:\/\/maricatotal.com.br\/site\/wp-json\/wp\/v2\/users\/1"}],"replies":[{"embeddable":true,"href":"https:\/\/maricatotal.com.br\/site\/wp-json\/wp\/v2\/comments?post=10145"}],"version-history":[{"count":0,"href":"https:\/\/maricatotal.com.br\/site\/wp-json\/wp\/v2\/posts\/10145\/revisions"}],"wp:featuredmedia":[{"embeddable":true,"href":"https:\/\/maricatotal.com.br\/site\/wp-json\/wp\/v2\/media\/10146"}],"wp:attachment":[{"href":"https:\/\/maricatotal.com.br\/site\/wp-json\/wp\/v2\/media?parent=10145"}],"wp:term":[{"taxonomy":"category","embeddable":true,"href":"https:\/\/maricatotal.com.br\/site\/wp-json\/wp\/v2\/categories?post=10145"},{"taxonomy":"post_tag","embeddable":true,"href":"https:\/\/maricatotal.com.br\/site\/wp-json\/wp\/v2\/tags?post=10145"}],"curies":[{"name":"wp","href":"https:\/\/api.w.org\/{rel}","templated":true}]}}