{"id":10157,"date":"2020-05-15T14:55:55","date_gmt":"2020-05-15T17:55:55","guid":{"rendered":"http:\/\/maricatotal.com.br\/site\/?p=10157"},"modified":"2020-05-17T22:35:16","modified_gmt":"2020-05-18T01:35:16","slug":"caixa-divulga-novo-calendario-de-pagamento-do-auxilio-emergencial","status":"publish","type":"post","link":"https:\/\/maricatotal.com.br\/site\/2020\/05\/15\/caixa-divulga-novo-calendario-de-pagamento-do-auxilio-emergencial\/","title":{"rendered":"CAIXA DIVULGA NOVO CALEND\u00c1RIO DE PAGAMENTO DO AUX\u00cdLIO EMERGENCIAL"},"content":{"rendered":"\n<p>O governo federal divulgou, nesta sexta-feira (15), o calend\u00e1rio de pagamento do aux\u00edlio emergencial para aut\u00f4nomos, trabalhadores informais e microempreendedores individuais (MEIs). Para os que n\u00e3o recebem outro benef\u00edcio social, como o Bolsa Fam\u00edlia, o pagamento come\u00e7ar\u00e1 no dia 20 de maio.<\/p>\n\n\n\n<p>O dep\u00f3sito do valor ser\u00e1 feito na conta poupan\u00e7a social digital aberta pela Caixa Econ\u00f4mica Federal, assim como o pagamento da primeira parcela.<\/p>\n\n\n\n<p>&#8220;Nas datas indicadas, os recursos estar\u00e3o dispon\u00edveis apenas para o pagamento de contas, de boletos e para realiza\u00e7\u00e3o de compras por meio de cart\u00e3o de d\u00e9bito virtual&#8221;, afirmou o governo.<\/p>\n\n\n\n<p>O saque em dinheiro s\u00f3 estar\u00e1 dispon\u00edvel a partir de 30 de maio. Mas s\u00f3 ser\u00e1 permitida a retirada de apenas um grupo por dia, para evitar as j\u00e1 costumeiras longas filas na frente das ag\u00eancias banc\u00e1rias. As transfer\u00eancias banc\u00e1rias tamb\u00e9m s\u00f3 estar\u00e3o liberadas a partir do dia 30, de acordo com o m\u00eas de nascimento.<\/p>\n\n\n\n<p>De acordo com o governo, 58 milh\u00f5es de pessoas podem receber o aux\u00edlio de R$ 600, sendo 28 milh\u00f5es que n\u00e3o recebiam nenhum benef\u00edcio social e que se inscreveram pelo site do banco ou pelo aplicativo Caixa \/ Aux\u00edlio Emergencial.<\/p>\n\n\n\n<p>As novas datas foram publicadas no Di\u00e1rio Oficial da Uni\u00e3o. Confira abaixo o calend\u00e1rio de dep\u00f3sito com e sem direito a saque.<\/p>\n\n\n\n<p>Calend\u00e1rio de dep\u00f3sito, sem direito a saque, apenas movimenta\u00e7\u00e3o da conta:<\/p>\n\n\n\n<p>20 de maio &#8211; nascidos em janeiro e fevereiro (5 milh\u00f5es de pessoas)<\/p>\n\n\n\n<p>21 de maio &#8211; nascidos em mar\u00e7o e abril (5,3 milh\u00f5es de pessoas)<\/p>\n\n\n\n<p>22 de maio &#8211; nascidos em maio e junho (5,3 milh\u00f5es de pessoas)<\/p>\n\n\n\n<p>23 de maio &#8211; nascidos em julho e agosto (5,2 milh\u00f5es de pessoas)<\/p>\n\n\n\n<p>25 de maio &#8211; nascidos em setembro e outubro (5,2 milh\u00f5es de pessoas)<\/p>\n\n\n\n<p>26 de maio &#8211; nascidos em novembro e dezembro (5 milh\u00f5es de pessoas)<\/p>\n\n\n\n<p>Calend\u00e1rio de saques em dinheiro e transfer\u00eancias banc\u00e1rias:<\/p>\n\n\n\n<p>30 de maio &#8211; nascidos em janeiro (2,6 milh\u00f5es de pessoas)<\/p>\n\n\n\n<p>1 de junho &#8211; nascidos em fevereiro (2,4 milh\u00f5es de pessoas)<\/p>\n\n\n\n<p>2 de junho &#8211; nascidos em mar\u00e7o (2,7 milh\u00f5es de pessoas)<\/p>\n\n\n\n<p>3 de junho &#8211; nascidos em abril (2,6 milh\u00f5es de pessoas)<\/p>\n\n\n\n<p>4 de junho &#8211; nascidos em maio (2,7 milh\u00f5es de pessoas)<\/p>\n\n\n\n<p>5 de junho &#8211; nascidos em junho (2,6 milh\u00f5es de pessoas)<\/p>\n\n\n\n<p>6 de junho &#8211; nascidos em julho (2,6 milh\u00f5es de pessoas)<\/p>\n\n\n\n<p>8 de junho &#8211; nascidos em agosto (2,6 milh\u00f5es de pessoas)<\/p>\n\n\n\n<p>9 de juho &#8211; nascidos em setembro (2,6 milh\u00f5es de pessoas)<\/p>\n\n\n\n<p>10 de junho &#8211; nascidos em outubro (2,6 milh\u00f5es de pessoas)<\/p>\n\n\n\n<p>12 de junho &#8211; nascidos em novembro (2,5 milh\u00f5es de pessoas)<\/p>\n\n\n\n<p>13 de junho &#8211; nascidos em dezembro (2,5 milh\u00f5es de pessoas)<\/p>\n\n\n\n<p><\/p>\n","protected":false},"excerpt":{"rendered":"<p>O governo federal divulgou, nesta sexta-feira (15), o calend\u00e1rio de pagamento do aux\u00edlio emergencial para aut\u00f4nomos, trabalhadores informais e microempreendedores<\/p>\n","protected":false},"author":1,"featured_media":10158,"comment_status":"open","ping_status":"open","sticky":false,"template":"","format":"standard","meta":{"colormag_page_container_layout":"default_layout","colormag_page_sidebar_layout":"default_layout","footnotes":""},"categories":[18],"tags":[],"class_list":["post-10157","post","type-post","status-publish","format-standard","has-post-thumbnail","hentry","category-entretenimento"],"amp_enabled":true,"_links":{"self":[{"href":"https:\/\/maricatotal.com.br\/site\/wp-json\/wp\/v2\/posts\/10157","targetHints":{"allow":["GET"]}}],"collection":[{"href":"https:\/\/maricatotal.com.br\/site\/wp-json\/wp\/v2\/posts"}],"about":[{"href":"https:\/\/maricatotal.com.br\/site\/wp-json\/wp\/v2\/types\/post"}],"author":[{"embeddable":true,"href":"https:\/\/maricatotal.com.br\/site\/wp-json\/wp\/v2\/users\/1"}],"replies":[{"embeddable":true,"href":"https:\/\/maricatotal.com.br\/site\/wp-json\/wp\/v2\/comments?post=10157"}],"version-history":[{"count":0,"href":"https:\/\/maricatotal.com.br\/site\/wp-json\/wp\/v2\/posts\/10157\/revisions"}],"wp:featuredmedia":[{"embeddable":true,"href":"https:\/\/maricatotal.com.br\/site\/wp-json\/wp\/v2\/media\/10158"}],"wp:attachment":[{"href":"https:\/\/maricatotal.com.br\/site\/wp-json\/wp\/v2\/media?parent=10157"}],"wp:term":[{"taxonomy":"category","embeddable":true,"href":"https:\/\/maricatotal.com.br\/site\/wp-json\/wp\/v2\/categories?post=10157"},{"taxonomy":"post_tag","embeddable":true,"href":"https:\/\/maricatotal.com.br\/site\/wp-json\/wp\/v2\/tags?post=10157"}],"curies":[{"name":"wp","href":"https:\/\/api.w.org\/{rel}","templated":true}]}}