{"id":10168,"date":"2020-05-15T18:39:21","date_gmt":"2020-05-15T21:39:21","guid":{"rendered":"http:\/\/maricatotal.com.br\/site\/?p=10168"},"modified":"2020-05-17T22:35:16","modified_gmt":"2020-05-18T01:35:16","slug":"marica-recebe-nova-van-para-transporte-de-pacientes","status":"publish","type":"post","link":"https:\/\/maricatotal.com.br\/site\/2020\/05\/15\/marica-recebe-nova-van-para-transporte-de-pacientes\/","title":{"rendered":"MARIC\u00c1 RECEBE NOVA VAN PARA TRANSPORTE DE PACIENTES"},"content":{"rendered":"\n<p>A Secretaria de Sa\u00fade de Maric\u00e1 est\u00e1 com uma nova van para o transporte de pacientes nos deslocamentos de tratamentos, exames e consultas m\u00e9dicas. O ve\u00edculo \u00e9 adaptado para atender cadeirantes.&nbsp; Doada pelo governo do Estado, ela vem se juntar as outras quatro vans e a outros 11 carros com tal fun\u00e7\u00e3o. Diariamente s\u00e3o transportados em torno de 110 pacientes.<\/p>\n\n\n\n<p>O uso vai depender da demanda, j\u00e1 que o setor funciona com agendamento, feito atrav\u00e9s de uma central, no Hospital Municipal Conde Modesto Leal, no Centro. Por\u00e9m, neste momento de pandemia, as marca\u00e7\u00f5es s\u00e3o somente por telefone (21 2634-2620).<\/p>\n\n\n\n<p>As locomo\u00e7\u00f5es s\u00e3o feitas, principalmente, para a realiza\u00e7\u00e3o de hemodi\u00e1lise, quimioterapia e tratamento para crian\u00e7as com defici\u00eancia para qualquer lugar da cidade ou do estado. Os documentos necess\u00e1rios para usufruir do servi\u00e7o s\u00e3o: cart\u00e3o do SUS, comprovante de marca\u00e7\u00e3o pelo SUS e comprovante de resid\u00eancia. Cada paciente tem direito a um acompanhante.<\/p>\n\n\n\n<p>\u201cO transporte sanit\u00e1rio \u00e9 muito importante porque garante \u00e0 popula\u00e7\u00e3o de Maric\u00e1 o acesso e a mobilidade a qualquer atendimento complexo, em que o paciente tenha dificuldades de comparecer. Prezamos pelo conforto, qualidade e educa\u00e7\u00e3o para amenizar, no m\u00ednimo que seja, o procedimento que, por muitas vezes, tenham que passar\u201d, ressalta Leonardo Spalla, coordenador de Transporte.<\/p>\n\n\n\n<p>Morador de Itaipua\u00e7u, &nbsp;Edigley da Concei\u00e7\u00e3o Luiz foi diagnosticado h\u00e1 13 anos com osteomielite \u2013 doen\u00e7a infecciosa cr\u00f4nica, que atinge ossos longos como o f\u00eamur, a t\u00edbia ou o \u00famero. Come\u00e7ou a fazer o tratamento no Instituto Nacional de Traumatologia e Ortopedia&nbsp; (Into), no Rio, teve diabetes, o que agravou o caso, e o fez perder os membros inferiores aos poucos, por amputa\u00e7\u00e3o.<\/p>\n\n\n\n<p>\u201cFa\u00e7o tratamento de diabetes no INTO e acompanhamento psiqui\u00e1trico no Rio. Sou um paciente cadeirante, bilateral, ou seja, n\u00e3o tenho as duas pernas. As vans adaptadas da prefeitura me ajudam muito porque minha cadeira \u00e9 muito pesada e eu estou impossibilitado de usar pr\u00f3tese. Elas s\u00e3o como minhas pernas, me levam para onde preciso e me trazem para casa em seguran\u00e7a. Sempre que ligo sou bem atendido, eles nunca me deixaram na m\u00e3o\u201d, afirma Edigley, que tem um filho de 12 anos com Juc\u00e9lia, sua companheira desde antes do in\u00edcio dos tratamentos.<\/p>\n\n\n\n<p>Outro exemplo de uso, segundo Edigley, \u00e9 levar sua cadeira de rodas at\u00e9 a Associa\u00e7\u00e3o Fluminense de Reabilita\u00e7\u00e3o (AFR) em Niter\u00f3i para revis\u00e3o e regulagem. \u201cEu fa\u00e7o o agendamento e tenho acesso ao servi\u00e7o de transporte de pacientes. Sou a prova vida da qualidade do servi\u00e7o\u201d, conclui.<\/p>\n","protected":false},"excerpt":{"rendered":"<p>A Secretaria de Sa\u00fade de Maric\u00e1 est\u00e1 com uma nova van para o transporte de pacientes nos deslocamentos de tratamentos,<\/p>\n","protected":false},"author":1,"featured_media":10169,"comment_status":"open","ping_status":"open","sticky":false,"template":"","format":"standard","meta":{"colormag_page_container_layout":"default_layout","colormag_page_sidebar_layout":"default_layout","footnotes":""},"categories":[18],"tags":[],"class_list":["post-10168","post","type-post","status-publish","format-standard","has-post-thumbnail","hentry","category-entretenimento"],"amp_enabled":true,"_links":{"self":[{"href":"https:\/\/maricatotal.com.br\/site\/wp-json\/wp\/v2\/posts\/10168","targetHints":{"allow":["GET"]}}],"collection":[{"href":"https:\/\/maricatotal.com.br\/site\/wp-json\/wp\/v2\/posts"}],"about":[{"href":"https:\/\/maricatotal.com.br\/site\/wp-json\/wp\/v2\/types\/post"}],"author":[{"embeddable":true,"href":"https:\/\/maricatotal.com.br\/site\/wp-json\/wp\/v2\/users\/1"}],"replies":[{"embeddable":true,"href":"https:\/\/maricatotal.com.br\/site\/wp-json\/wp\/v2\/comments?post=10168"}],"version-history":[{"count":0,"href":"https:\/\/maricatotal.com.br\/site\/wp-json\/wp\/v2\/posts\/10168\/revisions"}],"wp:featuredmedia":[{"embeddable":true,"href":"https:\/\/maricatotal.com.br\/site\/wp-json\/wp\/v2\/media\/10169"}],"wp:attachment":[{"href":"https:\/\/maricatotal.com.br\/site\/wp-json\/wp\/v2\/media?parent=10168"}],"wp:term":[{"taxonomy":"category","embeddable":true,"href":"https:\/\/maricatotal.com.br\/site\/wp-json\/wp\/v2\/categories?post=10168"},{"taxonomy":"post_tag","embeddable":true,"href":"https:\/\/maricatotal.com.br\/site\/wp-json\/wp\/v2\/tags?post=10168"}],"curies":[{"name":"wp","href":"https:\/\/api.w.org\/{rel}","templated":true}]}}