{"id":10248,"date":"2020-05-18T13:42:41","date_gmt":"2020-05-18T16:42:41","guid":{"rendered":"http:\/\/maricatotal.com.br\/site\/?p=10248"},"modified":"2020-05-18T13:42:43","modified_gmt":"2020-05-18T16:42:43","slug":"labas-culpa-violencia-e-chuva-por-atraso-no-hospital-de-campanha-em-sg","status":"publish","type":"post","link":"https:\/\/maricatotal.com.br\/site\/2020\/05\/18\/labas-culpa-violencia-e-chuva-por-atraso-no-hospital-de-campanha-em-sg\/","title":{"rendered":"LABAS CULPA VIOL\u00caNCIA E CHUVA POR ATRASO NO HOSPITAL DE CAMPANHA EM SG"},"content":{"rendered":"\n<p>Um dia depois de o S\u00e3o Gon\u00e7alo publicar mat\u00e9ria sobre a sucess\u00e3o de atrasos da inaugura\u00e7\u00e3o do Hospital de Campanha de S\u00e3o Gon\u00e7alo, no Clube Mau\u00e1, na Estrela do Norte, o Instituto de Aten\u00e7\u00e3o B\u00e1sica e Avan\u00e7ada \u00e0 Sa\u00fade (Iabas), que vai gerir a unidade, informou ao governo que a criminalidade foi o grande motivo para os atrasos. Segundo documento entregue pela Iabas \u00e0 Secretaria estadual de Sa\u00fade do Rio, a chuva e a necessidade de pavimenta\u00e7\u00e3o em algumas \u00e1reas tamb\u00e9m foram determinantes para o n\u00e3o cumprimento do cronograma. As informa\u00e7\u00f5es s\u00e3o do Jornal O Globo.<\/p>\n\n\n\n<p>Segundo o Iabas, na \u00faltima sexta-feira e em algumas outras oportunidades, trocas de tiros em regi\u00f5es pr\u00f3ximas de onde est\u00e1 sendo montada a unidade for\u00e7aram que as pessoas ficassem por mais de um hora abaixados, procurando abrigo. O Iabas afirmou ainda que alguns profissionais desistiram de atuar na unidade por conta dos epis\u00f3dios.<\/p>\n\n\n\n<p>Vale lembrar que o Hospital de Campanha fica pr\u00f3ximo aos Morros Menino de Deus e Chumbada.<\/p>\n\n\n\n<p>As chuvas que atingiram o munic\u00edpio nos \u00faltimos dias tamb\u00e9m foram colocadas como motivo para o atraso. Em fotos divulgadas pela empresa, \u00e9 poss\u00edvel perceber o local coberto de lama.<\/p>\n\n\n\n<p>Ainda na \u00e9poca do an\u00fancio do Hospital de Campanha, moradores de S\u00e3o Gon\u00e7alo usaram as redes sociais para questionar o governo sobre a possibilidade de alagamentos na regi\u00e3o, j\u00e1 que segundo eles, \u00e9 comum aquela \u00e1rea alagar em dias de chuva.<\/p>\n\n\n\n<p>Em resposta ao Jornal O S\u00e3o Gon\u00e7alo, o governo afirmou que &#8220;a Secretaria de Estado de Sa\u00fade ir\u00e1 anunciar um cronograma para abertura dos hospitais de campanha em breve.&#8221;<\/p>\n","protected":false},"excerpt":{"rendered":"<p>Um dia depois de o S\u00e3o Gon\u00e7alo publicar mat\u00e9ria sobre a sucess\u00e3o de atrasos da inaugura\u00e7\u00e3o do Hospital de Campanha<\/p>\n","protected":false},"author":1,"featured_media":10249,"comment_status":"open","ping_status":"open","sticky":false,"template":"","format":"standard","meta":{"colormag_page_container_layout":"default_layout","colormag_page_sidebar_layout":"default_layout","footnotes":""},"categories":[14],"tags":[],"class_list":["post-10248","post","type-post","status-publish","format-standard","has-post-thumbnail","hentry","category-bairros"],"amp_enabled":true,"_links":{"self":[{"href":"https:\/\/maricatotal.com.br\/site\/wp-json\/wp\/v2\/posts\/10248","targetHints":{"allow":["GET"]}}],"collection":[{"href":"https:\/\/maricatotal.com.br\/site\/wp-json\/wp\/v2\/posts"}],"about":[{"href":"https:\/\/maricatotal.com.br\/site\/wp-json\/wp\/v2\/types\/post"}],"author":[{"embeddable":true,"href":"https:\/\/maricatotal.com.br\/site\/wp-json\/wp\/v2\/users\/1"}],"replies":[{"embeddable":true,"href":"https:\/\/maricatotal.com.br\/site\/wp-json\/wp\/v2\/comments?post=10248"}],"version-history":[{"count":0,"href":"https:\/\/maricatotal.com.br\/site\/wp-json\/wp\/v2\/posts\/10248\/revisions"}],"wp:featuredmedia":[{"embeddable":true,"href":"https:\/\/maricatotal.com.br\/site\/wp-json\/wp\/v2\/media\/10249"}],"wp:attachment":[{"href":"https:\/\/maricatotal.com.br\/site\/wp-json\/wp\/v2\/media?parent=10248"}],"wp:term":[{"taxonomy":"category","embeddable":true,"href":"https:\/\/maricatotal.com.br\/site\/wp-json\/wp\/v2\/categories?post=10248"},{"taxonomy":"post_tag","embeddable":true,"href":"https:\/\/maricatotal.com.br\/site\/wp-json\/wp\/v2\/tags?post=10248"}],"curies":[{"name":"wp","href":"https:\/\/api.w.org\/{rel}","templated":true}]}}