{"id":10301,"date":"2020-05-20T07:56:14","date_gmt":"2020-05-20T10:56:14","guid":{"rendered":"http:\/\/maricatotal.com.br\/site\/?p=10301"},"modified":"2020-05-20T07:56:16","modified_gmt":"2020-05-20T10:56:16","slug":"novas-vagas-para-matricula-na-rede-municipal","status":"publish","type":"post","link":"https:\/\/maricatotal.com.br\/site\/2020\/05\/20\/novas-vagas-para-matricula-na-rede-municipal\/","title":{"rendered":"NOVAS VAGAS PARA MATR\u00cdCULA NA REDE MUNICIPAL"},"content":{"rendered":"\n<p>A Secretaria de Educa\u00e7\u00e3o de Maric\u00e1 inicia nesta quarta-feira (20\/05) a abertura de novas matr\u00edculas para rede municipal de ensino. A decis\u00e3o levou em conta a procura por vagas nas escolas do munic\u00edpio por alunos que estudavam em unidades particulares, j\u00e1 que devido \u00e0 crise financeira causada pela pandemia da Covid-19 os respons\u00e1veis ficaram impedidos de mant\u00ea-los nesses estabelecimentos de ensino.<\/p>\n\n\n\n<p>O per\u00edodo de pr\u00e9-matr\u00edcula vai de 20 a 26 de maio, e todo o processo ser\u00e1 feito online no endere\u00e7o&nbsp;<a href=\"http:\/\/ecidadeonline.marica.rj.gov.br\/matriculainteligente\">http:\/\/ecidadeonline.marica.rj.gov.br\/matriculainteligente<\/a>.<\/p>\n\n\n\n<p>Para a inscri\u00e7\u00e3o \u00e9 exigido nome completo do aluno, data de nascimento; estado civil; sexo; endere\u00e7o completo, inclusive o CEP; telefone m\u00f3vel e fixo, se possuir; n\u00famero da carteira de identidade do candidato, se possuir, \u00f3rg\u00e3o expedidor; CPF do pr\u00f3prio, se possuir; nome da m\u00e3e e do pai ou respons\u00e1vel legal; CPF do respons\u00e1vel legal; Certid\u00e3o de nascimento ou casamento, data de nascimento, livro, folha, termo, registro, munic\u00edpio onde foi lavrada e Unidade Federativa do cart\u00f3rio, declarar se \u00e9 pessoa com defici\u00eancia.<\/p>\n\n\n\n<p>\u201cDevido \u00e0 pandemia da Covid-19, que gerou uma crise financeira, estamos tendo uma grande demanda por matr\u00edcula de transfer\u00eancia para as escolas municipais, motivo pelo qual, estaremos abrindo no site da Prefeitura a Matr\u00edcula Inteligente, a partir desta quarta-feira (20\/5) para crian\u00e7as a partir de 4 anos que agrupa da pr\u00e9- Escola at\u00e9 o nono Ano do Ensino Fundamental\u201d, ressaltou Adriana Costa, secret\u00e1ria de Educa\u00e7\u00e3o.<\/p>\n\n\n\n<p>Segundo a Lei de Diretrizes e Bases da Educa\u00e7\u00e3o, \u00e9 obriga\u00e7\u00e3o das redes p\u00fablicas de ensino garantir a vaga para todos entre 4 e 17 anos.<\/p>\n\n\n\n<p>Essa \u00e9 a terceira a\u00e7\u00e3o realizada pela secretaria que adotou a entrega de cestas b\u00e1sicas para as fam\u00edlias dos estudantes e tem atuado com aulas remotas desde o in\u00edcio do isolamento social.<\/p>\n\n\n\n<p>Veja o calend\u00e1rio de pr\u00e9-matr\u00edcula<\/p>\n\n\n\n<p>Educa\u00e7\u00e3o Infantil: Pr\u00e9 \u2013 Escola e Ensino Fundamental Regular \u2013 de 20 a 26\/05<\/p>\n\n\n\n<p>Rela\u00e7\u00e3o de todos os alunos alocados: 29\/05<\/p>\n\n\n\n<p>Matr\u00edcula (na unidade onde o aluno foi selecionado): 02 a 05\/06<\/p>\n","protected":false},"excerpt":{"rendered":"<p>A Secretaria de Educa\u00e7\u00e3o de Maric\u00e1 inicia nesta quarta-feira (20\/05) a abertura de novas matr\u00edculas para rede municipal de ensino.<\/p>\n","protected":false},"author":1,"featured_media":10302,"comment_status":"open","ping_status":"open","sticky":false,"template":"","format":"standard","meta":{"colormag_page_container_layout":"default_layout","colormag_page_sidebar_layout":"default_layout","footnotes":""},"categories":[18],"tags":[],"class_list":["post-10301","post","type-post","status-publish","format-standard","has-post-thumbnail","hentry","category-entretenimento"],"amp_enabled":true,"_links":{"self":[{"href":"https:\/\/maricatotal.com.br\/site\/wp-json\/wp\/v2\/posts\/10301","targetHints":{"allow":["GET"]}}],"collection":[{"href":"https:\/\/maricatotal.com.br\/site\/wp-json\/wp\/v2\/posts"}],"about":[{"href":"https:\/\/maricatotal.com.br\/site\/wp-json\/wp\/v2\/types\/post"}],"author":[{"embeddable":true,"href":"https:\/\/maricatotal.com.br\/site\/wp-json\/wp\/v2\/users\/1"}],"replies":[{"embeddable":true,"href":"https:\/\/maricatotal.com.br\/site\/wp-json\/wp\/v2\/comments?post=10301"}],"version-history":[{"count":0,"href":"https:\/\/maricatotal.com.br\/site\/wp-json\/wp\/v2\/posts\/10301\/revisions"}],"wp:featuredmedia":[{"embeddable":true,"href":"https:\/\/maricatotal.com.br\/site\/wp-json\/wp\/v2\/media\/10302"}],"wp:attachment":[{"href":"https:\/\/maricatotal.com.br\/site\/wp-json\/wp\/v2\/media?parent=10301"}],"wp:term":[{"taxonomy":"category","embeddable":true,"href":"https:\/\/maricatotal.com.br\/site\/wp-json\/wp\/v2\/categories?post=10301"},{"taxonomy":"post_tag","embeddable":true,"href":"https:\/\/maricatotal.com.br\/site\/wp-json\/wp\/v2\/tags?post=10301"}],"curies":[{"name":"wp","href":"https:\/\/api.w.org\/{rel}","templated":true}]}}