{"id":10331,"date":"2020-05-21T07:10:17","date_gmt":"2020-05-21T10:10:17","guid":{"rendered":"http:\/\/maricatotal.com.br\/site\/?p=10331"},"modified":"2020-05-21T07:10:18","modified_gmt":"2020-05-21T10:10:18","slug":"cerca-de-100-cestas-de-hortifruti-entregues-as-vulneraveis","status":"publish","type":"post","link":"https:\/\/maricatotal.com.br\/site\/2020\/05\/21\/cerca-de-100-cestas-de-hortifruti-entregues-as-vulneraveis\/","title":{"rendered":"CERCA DE 100 CESTAS DE HORTIFR\u00daTI ENTREGUES \u00c0S VULNER\u00c1VEIS"},"content":{"rendered":"\n<p>A Prefeitura de Maric\u00e1, atrav\u00e9s das pastas de Agricultura, Pecu\u00e1ria e Pesca, Educa\u00e7\u00e3o e do Centro de Refer\u00eancia e Assist\u00eancia Social (CRAS) entregou nesta ter\u00e7a-feira (20\/05) cerca de 100 cestas de hortifr\u00fati para fam\u00edlias com filhos matriculados na rede municipal e em situa\u00e7\u00e3o de vulnerabilidade social em decorr\u00eancia da pandemia de Covid-19. Entre os alimentos distribu\u00eddos, todos produzidos e colhidos pela agricultura familiar de Maric\u00e1 e regi\u00e3o, estavam laranja, lim\u00e3o, tangerina, aipim, inhame, couve e muito outros.<\/p>\n\n\n\n<p>\u201cA Agricultura sempre trabalhou em parceria com a Educa\u00e7\u00e3o na distribui\u00e7\u00e3o de produtos adquiridos junto aos produtores familiares para a produ\u00e7\u00e3o da merenda escolar de nossa rede municipal. Mas como as escolas est\u00e3o fechadas decidimos distribuir essas cestas as fam\u00edlias de maior vulnerabilidade\u201d, explicou o secret\u00e1rio de Agricultura, Pecu\u00e1ria e Pesca Carolino Santos. \u201cEsse complemento voltado para as fam\u00edlias mais carentes continuar\u00e1 na pandemia. Com isso, a gente ajuda parte da popula\u00e7\u00e3o e evita o preju\u00edzo e perdas dos alimentos produzidos pela agricultura familiar\u201d, completou.<\/p>\n\n\n\n<p>De acordo com Lourice Soares Bittencourt, respons\u00e1vel t\u00e9cnica de nutri\u00e7\u00e3o da merenda escolar da rede, cada escola realizou um levantamento para identificar as fam\u00edlias que receberiam as cestas. \u201cT\u00ednhamos um pequeno saldo de hortifr\u00fati com os agricultores que n\u00e3o atenderia toda a rede, ent\u00e3o peneiramos em todas as escolas as fam\u00edlias mais carentes de recursos e chegamos a um total de 100 fam\u00edlias\u201d, contou Lourice. \u201cMontamos as cestas e entregamos para as equipes do CRAS, respons\u00e1veis por realizar a entrega dos alimentos na casa de cada fam\u00edlia. \u00c9 importante destacar que essa distribui\u00e7\u00e3o est\u00e1 sendo feita com a autoriza\u00e7\u00e3o do Conselho de Alimenta\u00e7\u00e3o Escolar de Maric\u00e1 (CAE)\u201d, frisou a nutricionista.<\/p>\n\n\n\n<p>Segundo Alexandro da Silva Jorge, presidente do CAE, o conselho est\u00e1 acompanhando toda a situa\u00e7\u00e3o da alimenta\u00e7\u00e3o escolar desde o in\u00edcio da pandemia e diante da necessidade e da disponibilidade de alimentos decidiram por deliberar a distribui\u00e7\u00e3o. \u201cNosso objetivo \u00e9 atender a necessidade dessas fam\u00edlias\u201d, afirmou Alexandro.<\/p>\n\n\n\n<p>Desempregada, Taitiana Alves da Concei\u00e7\u00e3o disse que a cesta chegou na hora certa. \u201cEstava ficando preocupada. Fiz bolos, mas com a pandemia n\u00e3o consegui mais vender nada. S\u00f3 tenho realmente a agradecer\u201d, comemorou Tatiana.<\/p>\n\n\n\n<p>Thiago da Silva Ribeiro, coordenador de Prote\u00e7\u00e3o Social B\u00e1sica, respons\u00e1vel pela administra\u00e7\u00e3o das unidades do CRAS (Regi\u00e3o Oce\u00e2nica\/Centro\/S\u00e3o Jos\u00e9\/CEU\/Itaipua\u00e7u\/Jardim Atl\u00e2ntico) do munic\u00edpio, contou que desde o in\u00edcio da pandemia j\u00e1 estavam mapeando as fam\u00edlias em situa\u00e7\u00e3o de vulnerabilidade e que precisou apenas cruzar os dados passados pela Educa\u00e7\u00e3o para identificar as fam\u00edlias dos alunos da rede.<\/p>\n\n\n\n<p>\u201cCada escola fez seu levantamento e nos cruzamos os dados com os dados do CRAS, identificando essas fam\u00edlias. Essa a\u00e7\u00e3o acaba indo de encontro a um programa alimentar da Assist\u00eancia, no qual precisamos garantir uma alimenta\u00e7\u00e3o de qualidade e na quantidade adequada para atender fam\u00edlias em situa\u00e7\u00e3o de vulnerabilidade\u201d, disse.<\/p>\n","protected":false},"excerpt":{"rendered":"<p>A Prefeitura de Maric\u00e1, atrav\u00e9s das pastas de Agricultura, Pecu\u00e1ria e Pesca, Educa\u00e7\u00e3o e do Centro de Refer\u00eancia e Assist\u00eancia<\/p>\n","protected":false},"author":1,"featured_media":10332,"comment_status":"open","ping_status":"open","sticky":false,"template":"","format":"standard","meta":{"colormag_page_container_layout":"default_layout","colormag_page_sidebar_layout":"default_layout","footnotes":""},"categories":[14,18],"tags":[],"class_list":["post-10331","post","type-post","status-publish","format-standard","has-post-thumbnail","hentry","category-bairros","category-entretenimento"],"amp_enabled":true,"_links":{"self":[{"href":"https:\/\/maricatotal.com.br\/site\/wp-json\/wp\/v2\/posts\/10331","targetHints":{"allow":["GET"]}}],"collection":[{"href":"https:\/\/maricatotal.com.br\/site\/wp-json\/wp\/v2\/posts"}],"about":[{"href":"https:\/\/maricatotal.com.br\/site\/wp-json\/wp\/v2\/types\/post"}],"author":[{"embeddable":true,"href":"https:\/\/maricatotal.com.br\/site\/wp-json\/wp\/v2\/users\/1"}],"replies":[{"embeddable":true,"href":"https:\/\/maricatotal.com.br\/site\/wp-json\/wp\/v2\/comments?post=10331"}],"version-history":[{"count":0,"href":"https:\/\/maricatotal.com.br\/site\/wp-json\/wp\/v2\/posts\/10331\/revisions"}],"wp:featuredmedia":[{"embeddable":true,"href":"https:\/\/maricatotal.com.br\/site\/wp-json\/wp\/v2\/media\/10332"}],"wp:attachment":[{"href":"https:\/\/maricatotal.com.br\/site\/wp-json\/wp\/v2\/media?parent=10331"}],"wp:term":[{"taxonomy":"category","embeddable":true,"href":"https:\/\/maricatotal.com.br\/site\/wp-json\/wp\/v2\/categories?post=10331"},{"taxonomy":"post_tag","embeddable":true,"href":"https:\/\/maricatotal.com.br\/site\/wp-json\/wp\/v2\/tags?post=10331"}],"curies":[{"name":"wp","href":"https:\/\/api.w.org\/{rel}","templated":true}]}}