{"id":10405,"date":"2020-05-23T08:44:08","date_gmt":"2020-05-23T11:44:08","guid":{"rendered":"http:\/\/maricatotal.com.br\/site\/?p=10405"},"modified":"2020-05-23T08:44:10","modified_gmt":"2020-05-23T11:44:10","slug":"o-poder-da-danca-em-tempo-de-isolamento-social","status":"publish","type":"post","link":"https:\/\/maricatotal.com.br\/site\/2020\/05\/23\/o-poder-da-danca-em-tempo-de-isolamento-social\/","title":{"rendered":"O PODER DA DAN\u00c7A EM TEMPO DE ISOLAMENTO SOCIAL"},"content":{"rendered":"\n<p>A necessidade de isolamento social, como medida para tentar conter o avan\u00e7o do novo coronav\u00edrus (Sars-Cov-2), vem mudando a rotina de muita gente e, alguns dos principais questionamentos daqueles que podem ficar em casa s\u00e3o como passar o tempo, ocupar a mente e permanecer saud\u00e1vel durante a quarentena. Neste sentindo a dan\u00e7a pode ser uma \u00f3tima aliada.<\/p>\n\n\n\n<p>Especialistas, entre m\u00e9dicos e profissionais de educa\u00e7\u00e3o f\u00edsica, afirmam que dan\u00e7ar ajuda a eliminar calorias, combater o estresse, tonificar os m\u00fasculos e, por fim, mas tamb\u00e9m muito importante, diminui a ansiedade.<\/p>\n\n\n\n<p>Para o core\u00f3grafo de dan\u00e7as urbanas da Secretaria de Cultura de Maric\u00e1, Erick de Souza, qualquer um pode e deve dan\u00e7ar, basta escolher a m\u00fasica de sua preferencia, deixar o corpo se movimentar e soltar a imagina\u00e7\u00e3o.<\/p>\n\n\n\n<p>\u201cA dan\u00e7a \u00e9 uma express\u00e3o da alma, porque vem de dentro para fora. A m\u00fasica tem o poder de despertar algo na gente e os movimentos simplesmente acontecem\u201d, afirmou.<\/p>\n\n\n\n<p>Segundo Erick, n\u00e3o h\u00e1 idade para balan\u00e7ar o esqueleto. \u201cCrian\u00e7as, jovens, adultos, idosos, ou seja, qualquer um pode dan\u00e7ar. N\u00e3o precisa ser coreografada, na verdade a melhor dan\u00e7a \u00e9 aquela que surge livre. Tamb\u00e9m n\u00e3o \u00e9 preciso muito espa\u00e7o. Cada um pode simplesmente sentir a m\u00fasica e se deixar levar pelo ritmo e pode ser qualquer ritmo\u201d, garantiu o core\u00f3grafo enquanto gravava um v\u00eddeo especial, produzido pela Prefeitura de Maric\u00e1, em homenagem ao anivers\u00e1rio de 206 anos do munic\u00edpio.<\/p>\n","protected":false},"excerpt":{"rendered":"<p>A necessidade de isolamento social, como medida para tentar conter o avan\u00e7o do novo coronav\u00edrus (Sars-Cov-2), vem mudando a rotina<\/p>\n","protected":false},"author":1,"featured_media":10406,"comment_status":"open","ping_status":"open","sticky":false,"template":"","format":"standard","meta":{"colormag_page_container_layout":"default_layout","colormag_page_sidebar_layout":"default_layout","footnotes":""},"categories":[18],"tags":[],"class_list":["post-10405","post","type-post","status-publish","format-standard","has-post-thumbnail","hentry","category-entretenimento"],"amp_enabled":true,"_links":{"self":[{"href":"https:\/\/maricatotal.com.br\/site\/wp-json\/wp\/v2\/posts\/10405","targetHints":{"allow":["GET"]}}],"collection":[{"href":"https:\/\/maricatotal.com.br\/site\/wp-json\/wp\/v2\/posts"}],"about":[{"href":"https:\/\/maricatotal.com.br\/site\/wp-json\/wp\/v2\/types\/post"}],"author":[{"embeddable":true,"href":"https:\/\/maricatotal.com.br\/site\/wp-json\/wp\/v2\/users\/1"}],"replies":[{"embeddable":true,"href":"https:\/\/maricatotal.com.br\/site\/wp-json\/wp\/v2\/comments?post=10405"}],"version-history":[{"count":0,"href":"https:\/\/maricatotal.com.br\/site\/wp-json\/wp\/v2\/posts\/10405\/revisions"}],"wp:featuredmedia":[{"embeddable":true,"href":"https:\/\/maricatotal.com.br\/site\/wp-json\/wp\/v2\/media\/10406"}],"wp:attachment":[{"href":"https:\/\/maricatotal.com.br\/site\/wp-json\/wp\/v2\/media?parent=10405"}],"wp:term":[{"taxonomy":"category","embeddable":true,"href":"https:\/\/maricatotal.com.br\/site\/wp-json\/wp\/v2\/categories?post=10405"},{"taxonomy":"post_tag","embeddable":true,"href":"https:\/\/maricatotal.com.br\/site\/wp-json\/wp\/v2\/tags?post=10405"}],"curies":[{"name":"wp","href":"https:\/\/api.w.org\/{rel}","templated":true}]}}