{"id":10453,"date":"2020-05-25T11:53:55","date_gmt":"2020-05-25T14:53:55","guid":{"rendered":"http:\/\/maricatotal.com.br\/site\/?p=10453"},"modified":"2020-05-25T11:53:56","modified_gmt":"2020-05-25T14:53:56","slug":"marica-abre-laboratorio-com-ufrj-para-realizar-300-testes-dia-de-covid-19","status":"publish","type":"post","link":"https:\/\/maricatotal.com.br\/site\/2020\/05\/25\/marica-abre-laboratorio-com-ufrj-para-realizar-300-testes-dia-de-covid-19\/","title":{"rendered":"MARIC\u00c1 ABRE LABORAT\u00d3RIO COM UFRJ PARA REALIZAR 300 TESTES\/DIA DE COVID-19"},"content":{"rendered":"\n<p>Maric\u00e1 d\u00e1 mais um passo importante no combate \u00e0 pandemia de Covid-19 nesta segunda-feira (25\/05), com a inaugura\u00e7\u00e3o do Laborat\u00f3rio de Diagn\u00f3stico Molecular no Posto de Sa\u00fade Central, no Centro da cidade. O novo equipamento, pioneiro no estado, tem capacidade para realizar at\u00e9 300 testes de detec\u00e7\u00e3o do novo coronav\u00edrus por dia, com os resultados sendo conhecidos em 72 horas. A cerim\u00f4nia acontece \u00e0s 16h.<\/p>\n\n\n\n<p>Com o novo laborat\u00f3rio, a Secretaria de Sa\u00fade do munic\u00edpio passar\u00e1 a dispor de uma base de dados mais abrangente sobre o avan\u00e7o da pandemia.<\/p>\n\n\n\n<p>&#8220;Al\u00e9m de auxiliar a Secretaria de Sa\u00fade no combate \u00e0 Covid 19, o laborat\u00f3rio ser\u00e1 um importante ponto de apoio \u00e0s pesquisas sobre virologia. J\u00e1 em junho, iniciaremos pesquisas de campo, para estruturar o Mapa Virol\u00f3gico do munic\u00edpio, um trabalho in\u00e9dito em nosso pa\u00eds&#8221;, ressalta o diretor-presidente do Instituto de Ci\u00eancia, Tecnologia e Inova\u00e7\u00e3o de Maric\u00e1 (ICTIM), Celso Pansera.<\/p>\n\n\n\n<p>O investimento da Prefeitura de Maric\u00e1 na estrutura montada no Posto Central \u00e9 de cerca de R$ 1,3 milh\u00e3o. Posteriormente, o laborat\u00f3rio ser\u00e1 levado para a \u00e1rea do Hospital Municipal Dr. Ernesto Che Guevara, onde ser\u00e3o investidos outros R$ 6 milh\u00f5es para ampliar um Laborat\u00f3rio Virol\u00f3gico (LabVir), para pesquisas avan\u00e7adas na \u00e1rea de viroses e arboviroses, como dengue, e apoio \u00e0 forma\u00e7\u00e3o de mestres e doutores em conv\u00eanios com universidades.&nbsp;<\/p>\n\n\n\n<p>A partir de junho, ser\u00e1 iniciada a pesquisa domiciliar epidemiol\u00f3gica da Covid-19 na cidade, com exames em grande escala, para um levantamento estat\u00edstico utilizando crit\u00e9rios do IBGE (idade, renda e localiza\u00e7\u00e3o geogr\u00e1fica, entre outros). Desta forma, ser\u00e1 poss\u00edvel elaborar e atualizar permanentemente um mapa da condi\u00e7\u00e3o virol\u00f3gica dos moradores e, assim, dar ao poder p\u00fablico condi\u00e7\u00f5es de antecipar poss\u00edveis crises sanit\u00e1rias futuras e estabelecer pol\u00edticas p\u00fablicas.<\/p>\n\n\n\n<p>A pesquisa domiciliar ser\u00e1 feita entre junho e dezembro, em sete etapas, cada uma com 394 domic\u00edlios. Equipes formadas por t\u00e9cnicos de endemias e agenes de Sa\u00fade da Fam\u00edlia visitar\u00e3o as resid\u00eancias e coletar\u00e3o amostras de um morador de cada domic\u00edlio para os testes.<\/p>\n\n\n\n<p>Todo o trabalho \u00e9 fruto de uma parceria entre o ICTIM e o Laborat\u00f3rio de An\u00e1lise Molecular da Universidade Federal do Rio de Janeiro (UFRJ), e tem como como respons\u00e1veis t\u00e9cnicos o virologista a professor titular da UFRJ, Am\u00edlcar Tanuri, o professor da Unirio e pesquisador da UFRJ Marcelo Velho \u2013 tamb\u00e9m infectologista da rede p\u00fablica de sa\u00fade de Maric\u00e1 -, e a biom\u00e9dica Andr\u00e9ia Ribeiro Costa.<\/p>\n\n\n\n<p>Servi\u00e7o:<\/p>\n\n\n\n<p>Laborat\u00f3rio de Diagn\u00f3stico Molecular no Posto de Sa\u00fade Central<\/p>\n\n\n\n<p>Local: Rua Cl\u00edmaco Pereira \u2013 Centro<br><a href=\"http:\/\/www.facebook.com\/sharer.php?u=http%3A%2F%2Fmwl.press%2Fosg82766\"><\/a><a href=\"https:\/\/twitter.com\/intent\/tweet?text=Maric%C3%A1%20abre%20laborat%C3%B3rio%20com%20UFRJ%20para%20realizar%20300%20testes%2Fdia%20da%20Covid&amp;via=jornalosg&amp;url=http%3A%2F%2Fmwl.press%2Fosg82766\"><\/a><a href=\"https:\/\/www.osaogoncalo.com.br\/Mail\/Share\/?url=http%3A%2F%2Fmwl.press%2Fosg82766&amp;header=Maric%C3%A1%20abre%20laborat%C3%B3rio%20com%20UFRJ%20para%20realizar%20300%20testes%2Fdia%20da%20Covid\"><\/a><a href=\"https:\/\/api.whatsapp.com\/send?text=http%3A%2F%2Fmwl.press%2Fosg82766\"><br>\n\n<\/a><\/p>\n","protected":false},"excerpt":{"rendered":"<p>Maric\u00e1 d\u00e1 mais um passo importante no combate \u00e0 pandemia de Covid-19 nesta segunda-feira (25\/05), com a inaugura\u00e7\u00e3o do Laborat\u00f3rio<\/p>\n","protected":false},"author":1,"featured_media":10454,"comment_status":"open","ping_status":"open","sticky":false,"template":"","format":"standard","meta":{"colormag_page_container_layout":"default_layout","colormag_page_sidebar_layout":"default_layout","footnotes":""},"categories":[18],"tags":[],"class_list":["post-10453","post","type-post","status-publish","format-standard","has-post-thumbnail","hentry","category-entretenimento"],"amp_enabled":true,"_links":{"self":[{"href":"https:\/\/maricatotal.com.br\/site\/wp-json\/wp\/v2\/posts\/10453","targetHints":{"allow":["GET"]}}],"collection":[{"href":"https:\/\/maricatotal.com.br\/site\/wp-json\/wp\/v2\/posts"}],"about":[{"href":"https:\/\/maricatotal.com.br\/site\/wp-json\/wp\/v2\/types\/post"}],"author":[{"embeddable":true,"href":"https:\/\/maricatotal.com.br\/site\/wp-json\/wp\/v2\/users\/1"}],"replies":[{"embeddable":true,"href":"https:\/\/maricatotal.com.br\/site\/wp-json\/wp\/v2\/comments?post=10453"}],"version-history":[{"count":0,"href":"https:\/\/maricatotal.com.br\/site\/wp-json\/wp\/v2\/posts\/10453\/revisions"}],"wp:featuredmedia":[{"embeddable":true,"href":"https:\/\/maricatotal.com.br\/site\/wp-json\/wp\/v2\/media\/10454"}],"wp:attachment":[{"href":"https:\/\/maricatotal.com.br\/site\/wp-json\/wp\/v2\/media?parent=10453"}],"wp:term":[{"taxonomy":"category","embeddable":true,"href":"https:\/\/maricatotal.com.br\/site\/wp-json\/wp\/v2\/categories?post=10453"},{"taxonomy":"post_tag","embeddable":true,"href":"https:\/\/maricatotal.com.br\/site\/wp-json\/wp\/v2\/tags?post=10453"}],"curies":[{"name":"wp","href":"https:\/\/api.w.org\/{rel}","templated":true}]}}