{"id":10460,"date":"2020-05-25T13:13:01","date_gmt":"2020-05-25T16:13:01","guid":{"rendered":"http:\/\/maricatotal.com.br\/site\/?p=10460"},"modified":"2020-05-25T13:14:17","modified_gmt":"2020-05-25T16:14:17","slug":"jovem-e-preso-apos-agredir-companheira-em-sao-jose-do-imbassai","status":"publish","type":"post","link":"https:\/\/maricatotal.com.br\/site\/2020\/05\/25\/jovem-e-preso-apos-agredir-companheira-em-sao-jose-do-imbassai\/","title":{"rendered":"JOVEM \u00c9 PRESO AP\u00d3S AGREDIR COMPANHEIRA EM S\u00c3O JOS\u00c9 DO IMBASSA\u00cd"},"content":{"rendered":"\n<p>Um homem de 22 anos foi preso ap\u00f3s agredir sua companheira, na noite deste domingo (24), no Manu Manuela, em S\u00e3o Jos\u00e9 do Imbassa\u00ed.<\/p>\n\n\n\n<p>Segundo informa\u00e7\u00f5es, a mulher foi at\u00e9 o DPO no Centro no bairro e denunciou as agress\u00f5es que tinha acabado de ter sofrido. <\/p>\n\n\n\n<p>Policiais militares foram at\u00e9 a Rua do Canal e efetuaram a pris\u00e3o do acusado.<\/p>\n\n\n\n<p>A jovem, de 20 anos, foi levada para o Hospital Municipal Conde Modesto Leal e em seguida para a Posto Regional T\u00e9cnico-Cient\u00edfica (PRPTC) de Tribob\u00f3, onde foi constata a les\u00e3o corporal.<\/p>\n\n\n\n<p>O acusado foi detido em flagrante pelo crime de viol\u00eancia dom\u00e9stica na 76\u00aa  DP (Niter\u00f3i).<\/p>\n","protected":false},"excerpt":{"rendered":"<p>Um homem de 22 anos foi preso ap\u00f3s agredir sua companheira, na noite deste domingo (24), no Manu Manuela, em<\/p>\n","protected":false},"author":1,"featured_media":10461,"comment_status":"open","ping_status":"open","sticky":false,"template":"","format":"standard","meta":{"colormag_page_container_layout":"default_layout","colormag_page_sidebar_layout":"default_layout","footnotes":""},"categories":[1],"tags":[],"class_list":["post-10460","post","type-post","status-publish","format-standard","has-post-thumbnail","hentry","category-noticias"],"amp_enabled":true,"_links":{"self":[{"href":"https:\/\/maricatotal.com.br\/site\/wp-json\/wp\/v2\/posts\/10460","targetHints":{"allow":["GET"]}}],"collection":[{"href":"https:\/\/maricatotal.com.br\/site\/wp-json\/wp\/v2\/posts"}],"about":[{"href":"https:\/\/maricatotal.com.br\/site\/wp-json\/wp\/v2\/types\/post"}],"author":[{"embeddable":true,"href":"https:\/\/maricatotal.com.br\/site\/wp-json\/wp\/v2\/users\/1"}],"replies":[{"embeddable":true,"href":"https:\/\/maricatotal.com.br\/site\/wp-json\/wp\/v2\/comments?post=10460"}],"version-history":[{"count":0,"href":"https:\/\/maricatotal.com.br\/site\/wp-json\/wp\/v2\/posts\/10460\/revisions"}],"wp:featuredmedia":[{"embeddable":true,"href":"https:\/\/maricatotal.com.br\/site\/wp-json\/wp\/v2\/media\/10461"}],"wp:attachment":[{"href":"https:\/\/maricatotal.com.br\/site\/wp-json\/wp\/v2\/media?parent=10460"}],"wp:term":[{"taxonomy":"category","embeddable":true,"href":"https:\/\/maricatotal.com.br\/site\/wp-json\/wp\/v2\/categories?post=10460"},{"taxonomy":"post_tag","embeddable":true,"href":"https:\/\/maricatotal.com.br\/site\/wp-json\/wp\/v2\/tags?post=10460"}],"curies":[{"name":"wp","href":"https:\/\/api.w.org\/{rel}","templated":true}]}}