{"id":10464,"date":"2020-05-25T15:10:36","date_gmt":"2020-05-25T18:10:36","guid":{"rendered":"http:\/\/maricatotal.com.br\/site\/?p=10464"},"modified":"2020-05-25T15:10:38","modified_gmt":"2020-05-25T18:10:38","slug":"policias-civil-e-militar-terao-que-suspender-ou-evitar-operacoes-em-comunidades-durante-pandemia","status":"publish","type":"post","link":"https:\/\/maricatotal.com.br\/site\/2020\/05\/25\/policias-civil-e-militar-terao-que-suspender-ou-evitar-operacoes-em-comunidades-durante-pandemia\/","title":{"rendered":"POL\u00cdCIAS CIVIL E MILITAR TER\u00c3O QUE SUSPENDER OU EVITAR OPERA\u00c7\u00d5ES EM COMUNIDADES DURANTE PANDEMIA"},"content":{"rendered":"\n<p>Depois de uma longa reuni\u00e3o, na \u00faltima sexta (22), ficou acordado entre o governador Wilson Witzel e secret\u00e1rios das pol\u00edcias Militar e Civil, que as opera\u00e7\u00f5es em comunidades do Rio n\u00e3o poder\u00e3o acontecer, ou pelo menos devem ser evitadas, at\u00e9 o fim da pandemia.<\/p>\n\n\n\n<p>A decis\u00e3o foi tomada diante da retalia\u00e7\u00e3o da popula\u00e7\u00e3o carioca que viu a viol\u00eancia do estado matar tr\u00eas jovens inocentes durante opera\u00e7\u00f5es na Cidade de Deus, no Morro da Provid\u00eancia e outra no Complexo do Salgueiro, em S\u00e3o Gon\u00e7alo. De acordo com fontes pr\u00f3ximas ao governador Witzel, ele teria ficado irritado com a repercuss\u00e3o negativa das \u00faltimas opera\u00e7\u00f5es.<\/p>\n\n\n\n<p>Em uma videoconfer\u00eancia com defensores dos direitos humanos, o governador disse. \u201cAcho que podemos realizar essa integra\u00e7\u00e3o para que a gente possa criar maior comunica\u00e7\u00e3o e evitar que, no momento de uma necessidade de opera\u00e7\u00e3o, de busca e apreens\u00e3o ou a\u00e7\u00e3o de intelig\u00eancia das pol\u00edcias, haja pessoas prestando servi\u00e7os humanit\u00e1rios nesses locais\u201d.<\/p>\n\n\n\n<p>Ainda na reuni\u00e3o, ficou decidido que a partir de agora os l\u00edderes comunit\u00e1rios que quiserem fazer a\u00e7\u00f5es nas favelas dever\u00e3o comunicar com anteced\u00eancia a Pol\u00edcia Militar, para que os agentes possam prestar assist\u00eancia social.<\/p>\n\n\n\n<p>Em nota, a PM informou que as opera\u00e7\u00f5es continuar\u00e3o sendo baseadas em an\u00e1lises estrat\u00e9gicas e em dados de intelig\u00eancia, com o objetivo de prender criminosos, apreender armas e drogas, al\u00e9m de reduzir os indicadores de criminalidade.<\/p>\n\n\n\n<p>A Pol\u00edcia Civil tamb\u00e9m foi questionada sobre o assunto, mas n\u00e3o respondeu at\u00e9 a publica\u00e7\u00e3o da mat\u00e9ria.<\/p>\n","protected":false},"excerpt":{"rendered":"<p>Depois de uma longa reuni\u00e3o, na \u00faltima sexta (22), ficou acordado entre o governador Wilson Witzel e secret\u00e1rios das pol\u00edcias<\/p>\n","protected":false},"author":1,"featured_media":10465,"comment_status":"open","ping_status":"open","sticky":false,"template":"","format":"standard","meta":{"colormag_page_container_layout":"default_layout","colormag_page_sidebar_layout":"default_layout","footnotes":""},"categories":[1],"tags":[],"class_list":["post-10464","post","type-post","status-publish","format-standard","has-post-thumbnail","hentry","category-noticias"],"amp_enabled":true,"_links":{"self":[{"href":"https:\/\/maricatotal.com.br\/site\/wp-json\/wp\/v2\/posts\/10464","targetHints":{"allow":["GET"]}}],"collection":[{"href":"https:\/\/maricatotal.com.br\/site\/wp-json\/wp\/v2\/posts"}],"about":[{"href":"https:\/\/maricatotal.com.br\/site\/wp-json\/wp\/v2\/types\/post"}],"author":[{"embeddable":true,"href":"https:\/\/maricatotal.com.br\/site\/wp-json\/wp\/v2\/users\/1"}],"replies":[{"embeddable":true,"href":"https:\/\/maricatotal.com.br\/site\/wp-json\/wp\/v2\/comments?post=10464"}],"version-history":[{"count":0,"href":"https:\/\/maricatotal.com.br\/site\/wp-json\/wp\/v2\/posts\/10464\/revisions"}],"wp:featuredmedia":[{"embeddable":true,"href":"https:\/\/maricatotal.com.br\/site\/wp-json\/wp\/v2\/media\/10465"}],"wp:attachment":[{"href":"https:\/\/maricatotal.com.br\/site\/wp-json\/wp\/v2\/media?parent=10464"}],"wp:term":[{"taxonomy":"category","embeddable":true,"href":"https:\/\/maricatotal.com.br\/site\/wp-json\/wp\/v2\/categories?post=10464"},{"taxonomy":"post_tag","embeddable":true,"href":"https:\/\/maricatotal.com.br\/site\/wp-json\/wp\/v2\/tags?post=10464"}],"curies":[{"name":"wp","href":"https:\/\/api.w.org\/{rel}","templated":true}]}}