{"id":10523,"date":"2020-05-27T08:23:54","date_gmt":"2020-05-27T11:23:54","guid":{"rendered":"http:\/\/maricatotal.com.br\/site\/?p=10523"},"modified":"2020-05-27T08:23:55","modified_gmt":"2020-05-27T11:23:55","slug":"marica-reabertura-gradual-do-comercio-pode-comecar-em-junho","status":"publish","type":"post","link":"https:\/\/maricatotal.com.br\/site\/2020\/05\/27\/marica-reabertura-gradual-do-comercio-pode-comecar-em-junho\/","title":{"rendered":"MARIC\u00c1: REABERTURA GRADUAL DO COM\u00c9RCIO PODE COME\u00c7AR EM JUNHO"},"content":{"rendered":"\n<p>A reabertura do com\u00e9rcio gradualmente em Maric\u00e1 pode come\u00e7ar a partir da pr\u00f3xima semana, in\u00edcio de junho. A informa\u00e7\u00e3o foi cedida pelo prefeito Fabiano Horta (PT) na inaugura\u00e7\u00e3o da Sede Distrital da Prefeitura em Itaipua\u00e7u, na tarde desta ter\u00e7a-feira.<\/p>\n\n\n\n<p>Segundo informa\u00e7\u00f5es, no pr\u00f3ximo fim de semana haver\u00e1 uma reuni\u00e3o para selar a flexibiliza\u00e7\u00e3o, que n\u00e3o ser\u00e1 para todos os tipos de estabelecimentos. Os que tiverem permiss\u00e3o, ter\u00e3o que seguir protocolos r\u00edgidos orientados pela Secretaria de Sa\u00fade.<\/p>\n\n\n\n<p>O prefeito frisou ainda a import\u00e2ncia da vida e do distanciamento social para combater a pandemia do novo coronav\u00edrus. <\/p>\n","protected":false},"excerpt":{"rendered":"<p>A reabertura do com\u00e9rcio gradualmente em Maric\u00e1 pode come\u00e7ar a partir da pr\u00f3xima semana, in\u00edcio de junho. A informa\u00e7\u00e3o foi<\/p>\n","protected":false},"author":1,"featured_media":10524,"comment_status":"open","ping_status":"open","sticky":false,"template":"","format":"standard","meta":{"colormag_page_container_layout":"default_layout","colormag_page_sidebar_layout":"default_layout","footnotes":""},"categories":[14],"tags":[],"class_list":["post-10523","post","type-post","status-publish","format-standard","has-post-thumbnail","hentry","category-bairros"],"amp_enabled":true,"_links":{"self":[{"href":"https:\/\/maricatotal.com.br\/site\/wp-json\/wp\/v2\/posts\/10523","targetHints":{"allow":["GET"]}}],"collection":[{"href":"https:\/\/maricatotal.com.br\/site\/wp-json\/wp\/v2\/posts"}],"about":[{"href":"https:\/\/maricatotal.com.br\/site\/wp-json\/wp\/v2\/types\/post"}],"author":[{"embeddable":true,"href":"https:\/\/maricatotal.com.br\/site\/wp-json\/wp\/v2\/users\/1"}],"replies":[{"embeddable":true,"href":"https:\/\/maricatotal.com.br\/site\/wp-json\/wp\/v2\/comments?post=10523"}],"version-history":[{"count":0,"href":"https:\/\/maricatotal.com.br\/site\/wp-json\/wp\/v2\/posts\/10523\/revisions"}],"wp:featuredmedia":[{"embeddable":true,"href":"https:\/\/maricatotal.com.br\/site\/wp-json\/wp\/v2\/media\/10524"}],"wp:attachment":[{"href":"https:\/\/maricatotal.com.br\/site\/wp-json\/wp\/v2\/media?parent=10523"}],"wp:term":[{"taxonomy":"category","embeddable":true,"href":"https:\/\/maricatotal.com.br\/site\/wp-json\/wp\/v2\/categories?post=10523"},{"taxonomy":"post_tag","embeddable":true,"href":"https:\/\/maricatotal.com.br\/site\/wp-json\/wp\/v2\/tags?post=10523"}],"curies":[{"name":"wp","href":"https:\/\/api.w.org\/{rel}","templated":true}]}}