{"id":10592,"date":"2020-05-28T21:19:23","date_gmt":"2020-05-29T00:19:23","guid":{"rendered":"http:\/\/maricatotal.com.br\/site\/?p=10592"},"modified":"2020-05-28T21:19:24","modified_gmt":"2020-05-29T00:19:24","slug":"programas-de-suporte-economico-em-marica-reduzem-indice-de-desemprego-ao-menor-do-estado","status":"publish","type":"post","link":"https:\/\/maricatotal.com.br\/site\/2020\/05\/28\/programas-de-suporte-economico-em-marica-reduzem-indice-de-desemprego-ao-menor-do-estado\/","title":{"rendered":"PROGRAMAS DE SUPORTE ECON\u00d4MICO EM MARIC\u00c1 REDUZEM \u00cdNDICE DE DESEMPREGO AO MENOR DO ESTADO"},"content":{"rendered":"\n<p>As a\u00e7\u00f5es de prote\u00e7\u00e3o econ\u00f4mica e social implementadas pela Prefeitura de Maric\u00e1 no enfrentamento \u00e0 Covid-19 desde seu in\u00edcio surtiram efeito real na economia local. A conclus\u00e3o vem de dados do Cadastro Geral de Empregados e Desempregados (Caged), divulgados na \u00faltima quarta-feira (27\/05) pelo governo federal.<\/p>\n\n\n\n<p>De acordo com os \u00edndices, Maric\u00e1 apresentou uma queda de -1,0% no estoque de empregos formais dentre os munic\u00edpios do Estado do Rio de Janeiro com mais de 150 mil habitantes. A cidade ocupa o segundo lugar com menor queda do emprego no Estado, ficando somente atr\u00e1s de Belford Roxo com uma redu\u00e7\u00e3o de -0,4, por\u00e9m o munic\u00edpio da Baixada, quase quatro vezes mais populoso que Maric\u00e1, tem um grau de informalidade muito mais alto.<\/p>\n\n\n\n<p>Esses dados mostram que no saldo acumulado de janeiro a abril, o Estado do Rio perdeu mais de 114 mil vagas de trabalho celetistas, o que representa varia\u00e7\u00e3o negativa de \u2013 3,5% em rela\u00e7\u00e3o ao seu total. No m\u00eas de abril, por exemplo, o Rio de Janeiro perdeu 83 mil vagas, o que mostra o impacto da pandemia do novo coronav\u00edrus.<\/p>\n\n\n\n<p>No entanto, neste mesmo per\u00edodo, Maric\u00e1 obteve uma perda de apenas 187 postos de trabalho de carteira assinada (CLT). O total de empregos celetistas que era de 18.188 vagas em 1\u00ba de janeiro de 2020, passou a ser 18.001 em 1\u00ba de maio. A t\u00edtulo de compara\u00e7\u00e3o, a capital fluminense teve uma perda de mais de 67 mil vagas no per\u00edodo, o que representa uma varia\u00e7\u00e3o negativa proporcionalmente ao seu total (\u2013 3,8%). Outros munic\u00edpios lim\u00edtrofes a Maric\u00e1 tiveram desempenho semelhante: segundo o CAGED, Niter\u00f3i teve queda de 3,6% e S\u00e3o Gon\u00e7alo 3,7%.<\/p>\n\n\n\n<p>De acordo com o secret\u00e1rio de Desenvolvimento Econ\u00f4mico, Igor Sardinha, os n\u00fameros s\u00e3o importantes e d\u00e3o a certeza de que as pol\u00edticas de prote\u00e7\u00e3o econ\u00f4mica e social executadas em paralelo com as de isolamento social foram bem sucedidas.<\/p>\n\n\n\n<p>\u201cO aumento do valor do Renda B\u00e1sica de Cidadania (RBC) para 300 mumbucas beneficiando 42 mil pessoas e o Programa de Amparo ao Trabalhador (PAT) pagando um sal\u00e1rio m\u00ednimo (R$ 1.045) para 20 mil trabalhadores informais, al\u00e9m de proteger socialmente, injeta dinheiro na economia gerando demanda no setor de com\u00e9rcio e servi\u00e7os mesmo diante da crise. Com essa demanda adicional gerada, o empres\u00e1rio ganha mais f\u00f4lego para n\u00e3o demitir\u201d, explicou.<\/p>\n\n\n\n<p>Sardinha lembrou tamb\u00e9m que, al\u00e9m dos empregos formais que conseguiram ser protegidos, o PAT tamb\u00e9m \u00e9 importante para colocar Maric\u00e1 em uma situa\u00e7\u00e3o bem melhor do que o conjunto do Estado e do pa\u00eds pelo fato de&nbsp; promover aux\u00edlio ao grande n\u00famero de trabalhadores informais que hoje comp\u00f5em o mercado de trabalho. \u201cS\u00e3o pessoas que, por n\u00e3o terem emprego formal, n\u00e3o possuem qualquer tipo de prote\u00e7\u00e3o. Sem esse programa e com o necess\u00e1rio isolamento social estariam passando dificuldades\u201d, disse.<\/p>\n\n\n\n<p>Segundo o soci\u00f3logo e gerente de projetos do Instituto Municipal de Informa\u00e7\u00e3o e Pesquisa Darcy Ribeiro (IDR), Diego Maggi, a tend\u00eancia para Maric\u00e1 pode melhorar.&nbsp;\u201cO Programa de Amparo ao Emprego (PAE) foi iniciado a partir de agora e os cr\u00e9ditos do Fomenta Maric\u00e1 aos micro e pequenos empres\u00e1rios tamb\u00e9m.<\/p>\n\n\n\n<p>Essas duas pol\u00edticas guardam rela\u00e7\u00e3o direta com a prote\u00e7\u00e3o do emprego formal com os frutos sendo colhidos nos pr\u00f3ximos meses\u201d, analisou,&nbsp;aprofundando tamb\u00e9m as an\u00e1lises comparativas com as outras duas cidades que tiveram queda menor no Estado, que foram Japeri e Belford Roxo- ambas na Baixada Fluminense-, Maric\u00e1 est\u00e1 em situa\u00e7\u00e3o bem melhor. \u201cIsso se deu pelo fato de serem cidades com alto grau de informalidade. Belford Roxo, com 510.906 habitantes, por exemplo, tem a quantidade absoluta de empregos formais pr\u00f3xima a de Maric\u00e1, mas com uma popula\u00e7\u00e3o muito maior\u201d, avalia.&nbsp;<\/p>\n\n\n\n<p>Como constata\u00e7\u00e3o de que as a\u00e7\u00f5es t\u00eam surtido efeito na cidade, a consultora comercial de uma escola de idiomas localizada no centro da cidade, Alessandra Barros de Oliveira, de 37 anos, contou que os benef\u00edcios concedidos pelo munic\u00edpio t\u00eam ajudado a complementar a renda salarial de sua fam\u00edlia nesse per\u00edodo de pandemia.<\/p>\n\n\n\n<p>\u201cEssas a\u00e7\u00f5es da Prefeitura est\u00e3o sendo muito importantes. Hoje eu posso manter o meu filho na escola devido \u00e0 ajuda que o munic\u00edpio d\u00e1 ao meu marido, que \u00e9 cadastrado no PAT. Al\u00e9m do mais, o benef\u00edcio do PAE concedido \u00e0s empresas locais, far\u00e1 com que meu supervisor tenha condi\u00e7\u00f5es de me manter no emprego\u201d, avaliou.<\/p>\n\n\n\n<p>O PAE consiste na concess\u00e3o de benef\u00edcios no valor de um sal\u00e1rio m\u00ednimo (R$ 1.045) por funcion\u00e1rio registrado na forma da legisla\u00e7\u00e3o trabalhista em vigor, durante tr\u00eas meses, pagos mensalmente em decorr\u00eancia da situa\u00e7\u00e3o de emerg\u00eancia provocada pelas medidas restritivas para conter a dissemina\u00e7\u00e3o da Covid-19.<\/p>\n\n\n\n<p>Somente ter\u00e3o a concess\u00e3o dos benef\u00edcios os empregados dos Microempreendedores Individuais (MEIs), microempresas e empresas de pequeno porte localizadas no munic\u00edpio, aquelas com at\u00e9 49 funcion\u00e1rios, como \u00e9 o caso de uma escola de idiomas localizada no centro da cidade.<\/p>\n","protected":false},"excerpt":{"rendered":"<p>As a\u00e7\u00f5es de prote\u00e7\u00e3o econ\u00f4mica e social implementadas pela Prefeitura de Maric\u00e1 no enfrentamento \u00e0 Covid-19 desde seu in\u00edcio surtiram<\/p>\n","protected":false},"author":1,"featured_media":10593,"comment_status":"open","ping_status":"open","sticky":false,"template":"","format":"standard","meta":{"colormag_page_container_layout":"default_layout","colormag_page_sidebar_layout":"default_layout","footnotes":""},"categories":[1],"tags":[],"class_list":["post-10592","post","type-post","status-publish","format-standard","has-post-thumbnail","hentry","category-noticias"],"amp_enabled":true,"_links":{"self":[{"href":"https:\/\/maricatotal.com.br\/site\/wp-json\/wp\/v2\/posts\/10592","targetHints":{"allow":["GET"]}}],"collection":[{"href":"https:\/\/maricatotal.com.br\/site\/wp-json\/wp\/v2\/posts"}],"about":[{"href":"https:\/\/maricatotal.com.br\/site\/wp-json\/wp\/v2\/types\/post"}],"author":[{"embeddable":true,"href":"https:\/\/maricatotal.com.br\/site\/wp-json\/wp\/v2\/users\/1"}],"replies":[{"embeddable":true,"href":"https:\/\/maricatotal.com.br\/site\/wp-json\/wp\/v2\/comments?post=10592"}],"version-history":[{"count":0,"href":"https:\/\/maricatotal.com.br\/site\/wp-json\/wp\/v2\/posts\/10592\/revisions"}],"wp:featuredmedia":[{"embeddable":true,"href":"https:\/\/maricatotal.com.br\/site\/wp-json\/wp\/v2\/media\/10593"}],"wp:attachment":[{"href":"https:\/\/maricatotal.com.br\/site\/wp-json\/wp\/v2\/media?parent=10592"}],"wp:term":[{"taxonomy":"category","embeddable":true,"href":"https:\/\/maricatotal.com.br\/site\/wp-json\/wp\/v2\/categories?post=10592"},{"taxonomy":"post_tag","embeddable":true,"href":"https:\/\/maricatotal.com.br\/site\/wp-json\/wp\/v2\/tags?post=10592"}],"curies":[{"name":"wp","href":"https:\/\/api.w.org\/{rel}","templated":true}]}}