{"id":10600,"date":"2020-05-29T07:05:19","date_gmt":"2020-05-29T10:05:19","guid":{"rendered":"http:\/\/maricatotal.com.br\/site\/?p=10600"},"modified":"2020-05-29T07:37:00","modified_gmt":"2020-05-29T10:37:00","slug":"capacitacao-para-profissionais-da-saude-tratarem-pacientes-com-covid-19","status":"publish","type":"post","link":"https:\/\/maricatotal.com.br\/site\/2020\/05\/29\/capacitacao-para-profissionais-da-saude-tratarem-pacientes-com-covid-19\/","title":{"rendered":"CAPACITA\u00c7\u00c3O PARA PROFISSIONAIS DA SA\u00daDE TRATAREM PACIENTES COM COVID-19"},"content":{"rendered":"\n<p>Muito se fala sobre respiradores, mas t\u00e3o importante quanto esses equipamentos de ventila\u00e7\u00e3o mec\u00e2nica \u00e9 a equipe treinada para utiliz\u00e1-los corretamente no paciente. Ainda em mar\u00e7o, no in\u00edcio da pandemia no Brasil, a Prefeitura de Maric\u00e1 iniciou a capacita\u00e7\u00e3o dos profissionais envolvidos no enfrentamento da doen\u00e7a. Agora a Secretaria de Sa\u00fade est\u00e1 treinando cerca de 200 profissionais da pasta no curso \u201cManuseio Emergencial de Vias A\u00e9reas \u2013 Covid-19\u201d, te\u00f3rico e pr\u00e1tico, por simula\u00e7\u00e3o real\u00edstica, ministrado e desenvolvido por equipes do Centro de Treinamento Berkeley \u2013 um dos mais reconhecidos do Brasil \u2013, com emiss\u00e3o de certificado.<\/p>\n\n\n\n<p>A primeira etapa do treinamento \u00e9 destinada para profissionais de n\u00edvel superior: enfermeiros, fisioterapeutas e m\u00e9dicos. Participam cerca de 100 profissionais do Hospital Municipal Conde Modesto Leal, 100 do Hospital Municipal Dr. Ernesto Che Guevara, 20 da UPA de Ino\u00e3 e 10 do Posto de Sa\u00fade Santa Rita. A capacita\u00e7\u00e3o acontece de 25 a 31 de maio, nas instala\u00e7\u00f5es do Hospital Che Guevara. Ser\u00e3o 12 horas\/aula para cada turma e os profissionais ter\u00e3o a miss\u00e3o de multiplicarem seu aprendizado com as demais equipes de trabalho de suas unidades de atua\u00e7\u00e3o.<\/p>\n\n\n\n<p>Segundo Fernando Lamblet, m\u00e9dico anestesiologista e professor de manejo de via a\u00e9reas em pacientes com Covid-19, as turmas foram divididas em seis esta\u00e7\u00f5es de simula\u00e7\u00e3o para evitar aglomera\u00e7\u00f5es.&nbsp;O treinamento \u00e9 fornecido com a utiliza\u00e7\u00e3o de um simulador, um boneco que reage \u00e0s a\u00e7\u00f5es que s\u00e3o feitas, o que torna a percep\u00e7\u00e3o dos participantes ainda mais precisa. No caso de uma entuba\u00e7\u00e3o incorreta, por exemplo, o boneco pode ter o dente \u201cquebrado\u201d.<\/p>\n\n\n\n<p>\u201cO curso proporciona um treinamento eficaz para o profissional saber como lidar na pr\u00e1tica, j\u00e1 que o comprometimento das vias a\u00e9reas \u00e9 o fator que mais rapidamente causa a morte no paciente, portanto \u00e9 primordial uma abordagem segura das vias a\u00e9reas para um bom progn\u00f3stico\u201d, comenta Fernando.<\/p>\n\n\n\n<p>Na pr\u00f3xima semana ser\u00e3o capacitados 91 profissionais de enfermagem (enfermeiros e t\u00e9cnicos de enfermagem), com foco no gerenciamento e na classifica\u00e7\u00e3o de risco, e presta\u00e7\u00e3o de assist\u00eancia direta aos pacientes internados com a Covid-19. \u201cEles trazem a teoria com um enfoque completamente pr\u00e1tico e \u00e9 exatamente isso que a gente enfrenta na ponta do combate. Necessitamos dessa habilidade pr\u00e1tica para lidar com essa nova doen\u00e7a\u201d, comenta Juliana Nogueira, diretora m\u00e9dica da UPA de Ino\u00e3 e do PS Santa Rita.<\/p>\n\n\n\n<p>\u201cEstamos priorizando os profissionais da linha de frente ao atendimento aos enfermos com Covid-19.&nbsp;Chefias de equipes v\u00e3o levar o conhecimento, ser multiplicadores de saberes para as suas equipes de plant\u00e3o em cada unidade de sa\u00fade\u201d, destaca a subsecret\u00e1ria de Sa\u00fade Solange Oliveira.<\/p>\n\n\n\n<p>De acordo com o enfermeiro coordenador do N\u00facleo Educacional Permanente em Sa\u00fade (NEPS) de Maric\u00e1, Rafael Dias, PhD em Sa\u00fade P\u00fablica, ao final do treinamento as institui\u00e7\u00f5es envolvidas poder\u00e3o constituir os Times de Resposta R\u00e1pida, ou seja, grupo de profissionais atuantes em cada plant\u00e3o respons\u00e1vel pela obten\u00e7\u00e3o da via \u00e1rea dos pacientes em insufici\u00eancia respirat\u00f3ria e manuten\u00e7\u00e3o da ventila\u00e7\u00e3o mec\u00e2nica dos mesmos.<\/p>\n\n\n\n<p>O prefeito Fabiano Horta exaltou o projeto nas redes sociais.<\/p>\n\n\n\n<p>&#8221;N\u00e3o h\u00e1 nada de mais valioso no mundo do que a vida de um Ser Humano, por isso, al\u00e9m de todos os esfor\u00e7os, investimentos e interven\u00e7\u00f5es para enfrentamento a Covid-19 em nossa cidade, estamos tamb\u00e9m cuidando para que os profissionais de sa\u00fade que est\u00e3o no fronte desta batalha, estejam cada vez mais preparados. Desde in\u00edcio da pandemia no Brasil, a Prefeitura de Maric\u00e1 iniciou a capacita\u00e7\u00e3o destes trabalhadores. \u00c9 de extrema relev\u00e2ncia que tenhamos um grupo de profissionais nos plant\u00f5es que sejam capazes de lidar com dificuldades e necessidades da rotina \u00e1rdua que \u00e9 tratar do pacientes acometidos pelo coronav\u00edrus. For\u00e7a para nossos valorosos profissionais de sa\u00fade! E consci\u00eancia por parte de nossa popula\u00e7\u00e3o que precisa cumprir com seriedade essa quarentena. Seguimos na luta!&#8221;<\/p>\n\n\n\n<p>No site da Escola Municipal de Administra\u00e7\u00e3o (EMAR \u2013&nbsp;<a href=\"http:\/\/www.emarmarica.com.br\/\">www.emarmarica.com.br<\/a>), foram disponibilizados pelo NEPS tr\u00eas cursos online para acesso de todos os profissionais de sa\u00fade de Maric\u00e1 com foco na doen\u00e7a, manejo e atendimento do paciente com Covid-19, incluindo cuidados espec\u00edficos com o corpo ap\u00f3s a morte. Todos os cursos seguem as recomenda\u00e7\u00f5es do Minist\u00e9rio da Sa\u00fade e da Organiza\u00e7\u00e3o Mundial de Sa\u00fade (OMS). Para acessar basta o profissional se cadastrar no site. Os cursos s\u00e3o certificados pelo NEPS-Maric\u00e1.<\/p>\n","protected":false},"excerpt":{"rendered":"<p>Muito se fala sobre respiradores, mas t\u00e3o importante quanto esses equipamentos de ventila\u00e7\u00e3o mec\u00e2nica \u00e9 a equipe treinada para utiliz\u00e1-los<\/p>\n","protected":false},"author":1,"featured_media":10601,"comment_status":"open","ping_status":"open","sticky":false,"template":"","format":"standard","meta":{"colormag_page_container_layout":"default_layout","colormag_page_sidebar_layout":"default_layout","footnotes":""},"categories":[18],"tags":[],"class_list":["post-10600","post","type-post","status-publish","format-standard","has-post-thumbnail","hentry","category-entretenimento"],"amp_enabled":true,"_links":{"self":[{"href":"https:\/\/maricatotal.com.br\/site\/wp-json\/wp\/v2\/posts\/10600","targetHints":{"allow":["GET"]}}],"collection":[{"href":"https:\/\/maricatotal.com.br\/site\/wp-json\/wp\/v2\/posts"}],"about":[{"href":"https:\/\/maricatotal.com.br\/site\/wp-json\/wp\/v2\/types\/post"}],"author":[{"embeddable":true,"href":"https:\/\/maricatotal.com.br\/site\/wp-json\/wp\/v2\/users\/1"}],"replies":[{"embeddable":true,"href":"https:\/\/maricatotal.com.br\/site\/wp-json\/wp\/v2\/comments?post=10600"}],"version-history":[{"count":0,"href":"https:\/\/maricatotal.com.br\/site\/wp-json\/wp\/v2\/posts\/10600\/revisions"}],"wp:featuredmedia":[{"embeddable":true,"href":"https:\/\/maricatotal.com.br\/site\/wp-json\/wp\/v2\/media\/10601"}],"wp:attachment":[{"href":"https:\/\/maricatotal.com.br\/site\/wp-json\/wp\/v2\/media?parent=10600"}],"wp:term":[{"taxonomy":"category","embeddable":true,"href":"https:\/\/maricatotal.com.br\/site\/wp-json\/wp\/v2\/categories?post=10600"},{"taxonomy":"post_tag","embeddable":true,"href":"https:\/\/maricatotal.com.br\/site\/wp-json\/wp\/v2\/tags?post=10600"}],"curies":[{"name":"wp","href":"https:\/\/api.w.org\/{rel}","templated":true}]}}