{"id":10629,"date":"2020-05-29T19:06:51","date_gmt":"2020-05-29T22:06:51","guid":{"rendered":"http:\/\/maricatotal.com.br\/site\/?p=10629"},"modified":"2020-05-29T19:06:52","modified_gmt":"2020-05-29T22:06:52","slug":"prefeitura-prorroga-fechamento-do-comercio-ate-o-dia-3-de-junho","status":"publish","type":"post","link":"https:\/\/maricatotal.com.br\/site\/2020\/05\/29\/prefeitura-prorroga-fechamento-do-comercio-ate-o-dia-3-de-junho\/","title":{"rendered":"PREFEITURA PRORROGA FECHAMENTO DO COM\u00c9RCIO AT\u00c9 O DIA 3 DE JUNHO"},"content":{"rendered":"\n<p>Com base no fato de que o in\u00edcio do m\u00eas, quando benef\u00edcios e sal\u00e1rios s\u00e3o creditados e que a maioria das obriga\u00e7\u00f5es tem prazo de vencimento, \u00e9 o per\u00edodo em que mais pessoas circulam nas ruas, a Prefeitura decidiu prorrogar o decreto que determinou as medidas de isolamento social e fechamento do com\u00e9rcio at\u00e9 a pr\u00f3xima quarta-feira (03\/06).<\/p>\n\n\n\n<p>A partir desta data passar\u00e3o a valer as propostas de retomada gradual das atividades que est\u00e3o sendo avaliadas pelo munic\u00edpio e que ser\u00e3o anunciadas ap\u00f3s uma reuni\u00e3o do Gabinete de A\u00e7\u00e3o marcada para a pr\u00f3xima segunda-feira (01\/06). Nesse encontro, a Prefeitura decidir\u00e1, com base em crit\u00e9rios t\u00e9cnicos e de acordo com a evolu\u00e7\u00e3o da pandemia na cidade, qual \u00e9 o o grau de seguran\u00e7a e as grada\u00e7\u00f5es necess\u00e1rias para que a cidade possa iniciar a retomada em um ambiente com o menor risco poss\u00edvel para o combate \u00e0 Covid-19.<\/p>\n\n\n\n<p>O objetivo da extens\u00e3o \u00e9 o de manter a seguran\u00e7a das a\u00e7\u00f5es contra o coronav\u00edrus orientando as pessoas a continuarem em casa, evitarem aglomera\u00e7\u00f5es, seguirem as regras de seguran\u00e7a \u2013 manterem o distanciamento, usarem m\u00e1scaras e \u00e1lcool gel \u2013 e s\u00f3 irem \u00e0 rua em caso de necessidade. Quem precisar deve seguir a orienta\u00e7\u00e3o da Prefeitura, que vem mantendo equipes para organizar filas e distribuir m\u00e1scaras e \u00e1lcool gel \u00e0 popula\u00e7\u00e3o.<\/p>\n","protected":false},"excerpt":{"rendered":"<p>Com base no fato de que o in\u00edcio do m\u00eas, quando benef\u00edcios e sal\u00e1rios s\u00e3o creditados e que a maioria<\/p>\n","protected":false},"author":1,"featured_media":10630,"comment_status":"open","ping_status":"open","sticky":false,"template":"","format":"standard","meta":{"colormag_page_container_layout":"default_layout","colormag_page_sidebar_layout":"default_layout","footnotes":""},"categories":[18,17],"tags":[],"class_list":["post-10629","post","type-post","status-publish","format-standard","has-post-thumbnail","hentry","category-entretenimento","category-politica"],"amp_enabled":true,"_links":{"self":[{"href":"https:\/\/maricatotal.com.br\/site\/wp-json\/wp\/v2\/posts\/10629","targetHints":{"allow":["GET"]}}],"collection":[{"href":"https:\/\/maricatotal.com.br\/site\/wp-json\/wp\/v2\/posts"}],"about":[{"href":"https:\/\/maricatotal.com.br\/site\/wp-json\/wp\/v2\/types\/post"}],"author":[{"embeddable":true,"href":"https:\/\/maricatotal.com.br\/site\/wp-json\/wp\/v2\/users\/1"}],"replies":[{"embeddable":true,"href":"https:\/\/maricatotal.com.br\/site\/wp-json\/wp\/v2\/comments?post=10629"}],"version-history":[{"count":0,"href":"https:\/\/maricatotal.com.br\/site\/wp-json\/wp\/v2\/posts\/10629\/revisions"}],"wp:featuredmedia":[{"embeddable":true,"href":"https:\/\/maricatotal.com.br\/site\/wp-json\/wp\/v2\/media\/10630"}],"wp:attachment":[{"href":"https:\/\/maricatotal.com.br\/site\/wp-json\/wp\/v2\/media?parent=10629"}],"wp:term":[{"taxonomy":"category","embeddable":true,"href":"https:\/\/maricatotal.com.br\/site\/wp-json\/wp\/v2\/categories?post=10629"},{"taxonomy":"post_tag","embeddable":true,"href":"https:\/\/maricatotal.com.br\/site\/wp-json\/wp\/v2\/tags?post=10629"}],"curies":[{"name":"wp","href":"https:\/\/api.w.org\/{rel}","templated":true}]}}