{"id":10735,"date":"2020-06-02T07:16:09","date_gmt":"2020-06-02T10:16:09","guid":{"rendered":"http:\/\/maricatotal.com.br\/site\/?p=10735"},"modified":"2020-06-02T07:16:10","modified_gmt":"2020-06-02T10:16:10","slug":"marica-campanha-de-vacinacao-contra-influenza-h1n1-vai-ate-o-dia-30-06","status":"publish","type":"post","link":"https:\/\/maricatotal.com.br\/site\/2020\/06\/02\/marica-campanha-de-vacinacao-contra-influenza-h1n1-vai-ate-o-dia-30-06\/","title":{"rendered":"MARIC\u00c1: CAMPANHA DE VACINA\u00c7\u00c3O CONTRA INFLUENZA H1N1 VAI AT\u00c9 O DIA 30\/06"},"content":{"rendered":"\n<p>A Secretaria de Sa\u00fade de Maric\u00e1 prorrogou at\u00e9 o dia 30\/06, seguindo o calend\u00e1rio estadual, a campanha de vacina\u00e7\u00e3o contra o v\u00edrus Influenza H1N1. At\u00e9 esta segunda-feira (01\/06) j\u00e1 foram vacinadas 45.200 pessoas, o que representa 97% do total da popula\u00e7\u00e3o do munic\u00edpio. Para se imunizar \u00e9 necess\u00e1rio procurar um dos 24 postos de sa\u00fade dispon\u00edveis em todo o munic\u00edpio das 8h \u00e0s 17h.<\/p>\n\n\n\n<p>Desde seu in\u00edcio, no \u00faltimo dia 23\/03, j\u00e1 foram 39.208 doses aplicadas nos que s\u00e3o classificados como grupos de risco: idosos, profissionais de sa\u00fade, adolescentes, povos ind\u00edgenas, caminhoneiros, profissionais de transporte coletivo e p\u00fablico, crian\u00e7as at\u00e9 6 anos de idade, pu\u00e9rperas, deficientes, gestantes, adultos \u2013 de 55 a 59 anos \u2013 e professores de escolas p\u00fablicas e privadas.<\/p>\n\n\n\n<p>\u201cMesmo num contexto t\u00e3o desfavor\u00e1vel \u00e0s a\u00e7\u00f5es de sa\u00fade, lan\u00e7amos m\u00e3o de estrat\u00e9gias, como a vacina\u00e7\u00e3o domiciliar de idosos e a vacina\u00e7\u00e3o \u2018in loco\u2019 dos motoristas de \u00f4nibus, profissionais de seguran\u00e7a, da Defesa Civil, e da sa\u00fade, al\u00e9m dos acamados. Isso nos d\u00e1 a seguran\u00e7a e o conforto de que a nossa popula\u00e7\u00e3o n\u00e3o adoecer\u00e1 de outras formas graves de gripe, como a H1N1, deixando, assim, os leitos livres, necess\u00e1rios para o enfrentamento da Covid-19\u201d, disse a subsecret\u00e1ria da Rede de Aten\u00e7\u00e3o e Sa\u00fade Coletiva da Secretaria de Sa\u00fade, Solange Oliveira.<\/p>\n\n\n\n<p>Segundo dados da Secretaria de Sa\u00fade foram vacinadas 70% das crian\u00e7as, 97% das gestantes, 115% trabalhadores de sa\u00fade, 122% das pu\u00e9rperas, 243% ind\u00edgenas, 120% dos idosos e 73% dos adultos. Este \u00faltimo \u00e9 representado pelos 7.801 dos vacinados. Os grupos que ultrapassam os 100% de cobertura se deve pelo fato de uma desatualiza\u00e7\u00e3o do sistema de informa\u00e7\u00e3o do Minist\u00e9rio da Sa\u00fade, para onde os dados s\u00e3o encaminhados. No caso dos idosos, por exemplo, esse n\u00famero \u00e9 acrescido em raz\u00e3o de n\u00e3o serem cadastrados na rede municipal de sa\u00fade, por estarem temporariamente em Maric\u00e1 com seus filhos, devido \u00e0 pandemia da Covid-19, mesmo assim s\u00e3o vacinados.<\/p>\n","protected":false},"excerpt":{"rendered":"<p>A Secretaria de Sa\u00fade de Maric\u00e1 prorrogou at\u00e9 o dia 30\/06, seguindo o calend\u00e1rio estadual, a campanha de vacina\u00e7\u00e3o contra<\/p>\n","protected":false},"author":1,"featured_media":10736,"comment_status":"open","ping_status":"open","sticky":false,"template":"","format":"standard","meta":{"colormag_page_container_layout":"default_layout","colormag_page_sidebar_layout":"default_layout","footnotes":""},"categories":[18],"tags":[],"class_list":["post-10735","post","type-post","status-publish","format-standard","has-post-thumbnail","hentry","category-entretenimento"],"amp_enabled":true,"_links":{"self":[{"href":"https:\/\/maricatotal.com.br\/site\/wp-json\/wp\/v2\/posts\/10735","targetHints":{"allow":["GET"]}}],"collection":[{"href":"https:\/\/maricatotal.com.br\/site\/wp-json\/wp\/v2\/posts"}],"about":[{"href":"https:\/\/maricatotal.com.br\/site\/wp-json\/wp\/v2\/types\/post"}],"author":[{"embeddable":true,"href":"https:\/\/maricatotal.com.br\/site\/wp-json\/wp\/v2\/users\/1"}],"replies":[{"embeddable":true,"href":"https:\/\/maricatotal.com.br\/site\/wp-json\/wp\/v2\/comments?post=10735"}],"version-history":[{"count":0,"href":"https:\/\/maricatotal.com.br\/site\/wp-json\/wp\/v2\/posts\/10735\/revisions"}],"wp:featuredmedia":[{"embeddable":true,"href":"https:\/\/maricatotal.com.br\/site\/wp-json\/wp\/v2\/media\/10736"}],"wp:attachment":[{"href":"https:\/\/maricatotal.com.br\/site\/wp-json\/wp\/v2\/media?parent=10735"}],"wp:term":[{"taxonomy":"category","embeddable":true,"href":"https:\/\/maricatotal.com.br\/site\/wp-json\/wp\/v2\/categories?post=10735"},{"taxonomy":"post_tag","embeddable":true,"href":"https:\/\/maricatotal.com.br\/site\/wp-json\/wp\/v2\/tags?post=10735"}],"curies":[{"name":"wp","href":"https:\/\/api.w.org\/{rel}","templated":true}]}}