{"id":10759,"date":"2020-06-02T16:59:48","date_gmt":"2020-06-02T19:59:48","guid":{"rendered":"http:\/\/maricatotal.com.br\/site\/?p=10759"},"modified":"2020-06-03T14:47:47","modified_gmt":"2020-06-03T17:47:47","slug":"marica-reabertura-gradual-do-comercio-comeca-a-partir-do-dia-4-de-junho","status":"publish","type":"post","link":"https:\/\/maricatotal.com.br\/site\/2020\/06\/02\/marica-reabertura-gradual-do-comercio-comeca-a-partir-do-dia-4-de-junho\/","title":{"rendered":"MARIC\u00c1: REABERTURA GRADUAL DO COM\u00c9RCIO COME\u00c7A A PARTIR DO DIA 4 DE JUNHO"},"content":{"rendered":"\n<p>O prefeito de Maric\u00e1, Fabiano Horta (PT), informou que a partir da pr\u00f3xima quinta-feira, 4 de junho, entrar\u00e1 em vigor o novo decreto com a reabertura gradual do com\u00e9rcio.<\/p>\n\n\n\n<p>Segundo informa\u00e7\u00f5es, Maric\u00e1 a partir deste novo decreto seguir\u00e1 um protocolo de 4 est\u00e1gios para controlar a pandemia da Covid-19.<\/p>\n\n\n\n<p>Neste momento, a cidade segue o est\u00e1gio Laranja, com o fechamento do com\u00e9rcio e servi\u00e7os, apenas permitindo a abertura de servi\u00e7os essenciais.<\/p>\n\n\n\n<p>A partir da pr\u00f3xima quinta-feira, o munic\u00edpio segue para o est\u00e1gio Amarelo, permitindo o funcionamento de determinados com\u00e9rcios com 4 horas por dia. <\/p>\n\n\n\n<p>O munic\u00edpio ainda conta com o est\u00e1gio Vermelho, que sinaliza o estado muito grave da pandemia, e o Azul, que s\u00f3 ir\u00e1 chegar com a vacina da Covid-19.<\/p>\n\n\n\n<p>At\u00e9 o \u00faltimo boletim, Maric\u00e1 conta com 335 casos confirmados, 260 suspeitos, 85 curados e 38 \u00f3bitos. <\/p>\n","protected":false},"excerpt":{"rendered":"<p>O prefeito de Maric\u00e1, Fabiano Horta (PT), informou que a partir da pr\u00f3xima quinta-feira, 4 de junho, entrar\u00e1 em vigor<\/p>\n","protected":false},"author":1,"featured_media":10765,"comment_status":"open","ping_status":"open","sticky":false,"template":"","format":"standard","meta":{"colormag_page_container_layout":"default_layout","colormag_page_sidebar_layout":"default_layout","footnotes":""},"categories":[18,17],"tags":[],"class_list":["post-10759","post","type-post","status-publish","format-standard","has-post-thumbnail","hentry","category-entretenimento","category-politica"],"amp_enabled":true,"_links":{"self":[{"href":"https:\/\/maricatotal.com.br\/site\/wp-json\/wp\/v2\/posts\/10759","targetHints":{"allow":["GET"]}}],"collection":[{"href":"https:\/\/maricatotal.com.br\/site\/wp-json\/wp\/v2\/posts"}],"about":[{"href":"https:\/\/maricatotal.com.br\/site\/wp-json\/wp\/v2\/types\/post"}],"author":[{"embeddable":true,"href":"https:\/\/maricatotal.com.br\/site\/wp-json\/wp\/v2\/users\/1"}],"replies":[{"embeddable":true,"href":"https:\/\/maricatotal.com.br\/site\/wp-json\/wp\/v2\/comments?post=10759"}],"version-history":[{"count":0,"href":"https:\/\/maricatotal.com.br\/site\/wp-json\/wp\/v2\/posts\/10759\/revisions"}],"wp:featuredmedia":[{"embeddable":true,"href":"https:\/\/maricatotal.com.br\/site\/wp-json\/wp\/v2\/media\/10765"}],"wp:attachment":[{"href":"https:\/\/maricatotal.com.br\/site\/wp-json\/wp\/v2\/media?parent=10759"}],"wp:term":[{"taxonomy":"category","embeddable":true,"href":"https:\/\/maricatotal.com.br\/site\/wp-json\/wp\/v2\/categories?post=10759"},{"taxonomy":"post_tag","embeddable":true,"href":"https:\/\/maricatotal.com.br\/site\/wp-json\/wp\/v2\/tags?post=10759"}],"curies":[{"name":"wp","href":"https:\/\/api.w.org\/{rel}","templated":true}]}}