{"id":10792,"date":"2020-06-03T07:27:33","date_gmt":"2020-06-03T10:27:33","guid":{"rendered":"http:\/\/maricatotal.com.br\/site\/?p=10792"},"modified":"2020-06-03T07:27:34","modified_gmt":"2020-06-03T10:27:34","slug":"estagio-amarelo-1-define-retomada-gradual-de-atividades-em-marica","status":"publish","type":"post","link":"https:\/\/maricatotal.com.br\/site\/2020\/06\/03\/estagio-amarelo-1-define-retomada-gradual-de-atividades-em-marica\/","title":{"rendered":"EST\u00c1GIO AMARELO 1 DEFINE RETOMADA GRADUAL DE ATIVIDADES EM MARIC\u00c1"},"content":{"rendered":"\n<p>A retomada das atividades econ\u00f4micas em Maric\u00e1 come\u00e7ar\u00e1 a partir desta quinta-feira (04\/06), com a entrada em vigor do decreto que estabeleceu, com base em uma cesta de dados de Sa\u00fade, os n\u00edveis de risco na situa\u00e7\u00e3o epidemiol\u00f3gica. Com base nessa an\u00e1lise, ajuda a disciplinar o ambiente social, a cidade deixa o est\u00e1gio Laranja, com a maior parte do com\u00e9rcio e das atividades paralisadas, e entra no est\u00e1gio Amarelo 1, para o qual est\u00e3o previstas v\u00e1rias flexibiliza\u00e7\u00f5es. O decreto foi publicado no JOM Especial 273 desta ter\u00e7a-feira (02\/06).&nbsp;<a href=\"https:\/\/www.marica.rj.gov.br\/2020\/06\/02\/jom-especial-273\/\">Veja aqui<\/a>:<\/p>\n\n\n\n<p>Entre elas, por exemplo, est\u00e1 a reabertura do com\u00e9rcio em geral e de templos religiosos \u2013 dentro das normas colocadas pelo decreto \u2013 e a permiss\u00e3o de atividades f\u00edsicas e esportivas nos espa\u00e7os p\u00fablicos, igualmente dentro de regras de seguran\u00e7a definida. A decis\u00e3o, anunciada pelo prefeito Fabiano Horta em transmiss\u00e3o ao vivo pelas redes oficiais da Prefeitura, est\u00e1 baseada na situa\u00e7\u00e3o geral da rede de Sa\u00fade da cidade para o enfrentamento \u00e0 pandemia da Covid-19.<\/p>\n\n\n\n<p>\u201cA vari\u00e1vel da Sa\u00fade \u2013 satura\u00e7\u00e3o da rede, a velocidade do cont\u00e1gio, o isolamento social \u2013 \u00e9 que faz com que possamos avan\u00e7ar e abrir o com\u00e9rcio, ou retroceder para um est\u00e1gio de maior rigidez\u201d, afirmou o prefeito, que anunciou a cria\u00e7\u00e3o de novos protocolos de sa\u00fade para ajudar a balizar as bandeiras de classifica\u00e7\u00e3o de risco: \u201cOs polos de atendimento fazem, desde segunda-feira (01\/06), coleta de material para testes em todos os que apresentarem os sintomas, a partir de avalia\u00e7\u00e3o m\u00e9dica. Tamb\u00e9m vamos iniciar a testagem em massa da popula\u00e7\u00e3o, pelos idosos de mais de 60 anos\u201d, acrescentou.<\/p>\n\n\n\n<p>Os crit\u00e9rios citados pelo prefeito foram estabelecidos no decreto e incluem o n\u00famero de casos confirmados de Covid-19, a taxa de ocupa\u00e7\u00e3o dos leitos hospitalares no munic\u00edpio na semana, do n\u00famero de testes realizados para detec\u00e7\u00e3o da doen\u00e7a e da taxa de letalidade. Nesta ter\u00e7a-feira, a taxa de ocupa\u00e7\u00e3o era de 44,5%, um n\u00famero considerado confort\u00e1vel e que guarda rela\u00e7\u00e3o com o fato de que, um m\u00eas depois de entregue \u00e0 popula\u00e7\u00e3o, o novo Hospital Municipal Dr. Ernesto Che Guevara ampliou significativamente a sua capacidade de atendimento.<\/p>\n\n\n\n<p>Uma nota t\u00e9cnica, que ser\u00e1 divulgada toda sexta-feira, informar\u00e1 qual bandeira ser\u00e1 adotada em toda a cidade, a partir da semana seguinte. O est\u00e1gio Amarelo 1, anunciado nesta ter\u00e7a-feira, seguir\u00e1 em vig\u00eancia at\u00e9 o pr\u00f3ximo dia 10\/06, v\u00e9spera do feriado de Corpus Christi. Justamente para evitar que a retomada traga um refluxo de pessoas ao munic\u00edpio, a cidade passar\u00e1 ao est\u00e1gio Laranja at\u00e9 a segunda-feira 15\/06, quanto retorna ao Amarelo 1.&nbsp;<\/p>\n\n\n\n<p>As bandeiras sinalizam a classifica\u00e7\u00e3o de risco pelas cores vermelha (lockdown, o maior n\u00edvel de restri\u00e7\u00e3o, ainda n\u00e3o adotado), laranja (isolamento, o est\u00e1gio em que a cidade se encontrava at\u00e9 ent\u00e3o), amarela (reabertura gradual, em n\u00edveis i ou II) e azul (est\u00e1gio de normaliza\u00e7\u00e3o, o n\u00edvel mais brando).<\/p>\n\n\n\n<p>A bandeira Amarela n\u00edvel 1, est\u00e1gio que se inicia a partir desta quinta-feira, autoriza a abertura de oficinas, lanchonetes, cafeterias, docerias e similares e estabelecimentos comerciais em geral que n\u00e3o se enquadravam na categoria de atividades essenciais. O com\u00e9rcio em geral poder\u00e1 abrir entre 14h e 18h, j\u00e1 lanchonetes e afins podem funcionar por seis horas seguidas, em intervalo a livre crit\u00e9rio. O uso de m\u00e1scaras, a oferta de \u00e1lcool gel para clientes e funcion\u00e1rios, acessos abertos, restri\u00e7\u00e3o de quantidade de pessoas no estabelecimento e a proibi\u00e7\u00e3o de experimentar produtos (cal\u00e7ados e roupas principalmente) est\u00e3o entre as condi\u00e7\u00f5es previstas no decreto.<\/p>\n\n\n\n<p>Da mesma forma, o est\u00e1gio amarelo 1 permite o uso de \u00e1reas p\u00fablicas de lazer para pr\u00e1ticas esportivas individuais, desde que com espa\u00e7amento f\u00edsico e sem compartilhamento de equipamentos. O est\u00e1gio tamb\u00e9m libera a realiza\u00e7\u00e3o de cultos religiosos, desde que n\u00e3o haja contato f\u00edsico entre os participantes, que a ocupa\u00e7\u00e3o do templo n\u00e3o ultrapasse 30% da capacidade do local e que entre os cultos haja um intervalo para higieniza\u00e7\u00e3o de todos os locais \u2013 permanece, no entanto, proibido o acesso de pessoas dos grupos de risco para Covid-19. O isolamento social ainda \u00e9 recomendado e continua a ser considerado uma importante ferramenta de combate \u00e0 pandemia da Covid-19.<\/p>\n\n\n\n<p>Para bares e restaurantes, o est\u00e1gio Amarelo 1 n\u00e3o traz altera\u00e7\u00e3o no seu funcionamento. Continuam com atendimento restrito a servi\u00e7os de delivery e o chamado Take away, quando o cliente encomenda o produto e vai at\u00e9 o estabelecimento retira-lo.<\/p>\n\n\n\n<p>Em caso de agravamento dos indicadores de Sa\u00fade, o decreto prev\u00ea ainda a ado\u00e7\u00e3o da bandeira Vermelha. Com isso, haver\u00e1 um aumento das restri\u00e7\u00f5es \u00e0 circula\u00e7\u00e3o nas ruas da cidade em rela\u00e7\u00e3o \u00e0s condi\u00e7\u00f5es atuais \u2013 ser\u00e1 poss\u00edvel reduzir drasticamente a frota de transporte p\u00fabico, bloquear todos os acessos a locais de lazer p\u00fablicos (praias, parques, pra\u00e7as, lagoas) e implantar barreiras sanit\u00e1rias permanentes, al\u00e9m de determinar o isolamento de todos os cidad\u00e3os em suas casas.&nbsp;<\/p>\n\n\n\n<p>Por outro lado, a progress\u00e3o favor\u00e1vel dos \u00edndices poder\u00e1 levar ao estabelecimento da bandeira azul, onde o isolamento \u00e9 determinado apenas para pessoas vulner\u00e1veis que tiveram contato com infectados pelo novo coronav\u00edrus e que autoriza a volta \u00e0s atividades do com\u00e9rcio ambulante e reabre as \u00e1reas p\u00fablicas de lazer.&nbsp;<\/p>\n\n\n\n<p>O decreto publicado pelo prefeito Fabiano Horta ressalta que regras como o uso de m\u00e1scaras de prote\u00e7\u00e3o e a ado\u00e7\u00e3o de medidas de higieniza\u00e7\u00e3o \u2013 com o uso de \u00e1lcool gel e de tapetes para limpeza de cal\u00e7ados \u2013 continuam em vigor, sem distin\u00e7\u00e3o da bandeira adotada ou do setor de atividade. Tamb\u00e9m \u00e9 importante lembrar que as aulas na rede municipal de ensino continuam suspensas.&nbsp;<\/p>\n\n\n\n<p>T\u00e3o logo seja adotado o sistema de bandeiras, os estabelecimentos autorizados a funcionar dever\u00e3o expor, na porta de entrada, uma placa informativa com a bandeira seguida, a capacidade m\u00e1xima de pessoas no local, o hor\u00e1rio de funcionamento e os contatos da Prefeitura de Maric\u00e1 para den\u00fancias de descumprimento das normas.<\/p>\n","protected":false},"excerpt":{"rendered":"<p>A retomada das atividades econ\u00f4micas em Maric\u00e1 come\u00e7ar\u00e1 a partir desta quinta-feira (04\/06), com a entrada em vigor do decreto<\/p>\n","protected":false},"author":1,"featured_media":10793,"comment_status":"open","ping_status":"open","sticky":false,"template":"","format":"standard","meta":{"colormag_page_container_layout":"default_layout","colormag_page_sidebar_layout":"default_layout","footnotes":""},"categories":[18,17],"tags":[],"class_list":["post-10792","post","type-post","status-publish","format-standard","has-post-thumbnail","hentry","category-entretenimento","category-politica"],"amp_enabled":true,"_links":{"self":[{"href":"https:\/\/maricatotal.com.br\/site\/wp-json\/wp\/v2\/posts\/10792","targetHints":{"allow":["GET"]}}],"collection":[{"href":"https:\/\/maricatotal.com.br\/site\/wp-json\/wp\/v2\/posts"}],"about":[{"href":"https:\/\/maricatotal.com.br\/site\/wp-json\/wp\/v2\/types\/post"}],"author":[{"embeddable":true,"href":"https:\/\/maricatotal.com.br\/site\/wp-json\/wp\/v2\/users\/1"}],"replies":[{"embeddable":true,"href":"https:\/\/maricatotal.com.br\/site\/wp-json\/wp\/v2\/comments?post=10792"}],"version-history":[{"count":0,"href":"https:\/\/maricatotal.com.br\/site\/wp-json\/wp\/v2\/posts\/10792\/revisions"}],"wp:featuredmedia":[{"embeddable":true,"href":"https:\/\/maricatotal.com.br\/site\/wp-json\/wp\/v2\/media\/10793"}],"wp:attachment":[{"href":"https:\/\/maricatotal.com.br\/site\/wp-json\/wp\/v2\/media?parent=10792"}],"wp:term":[{"taxonomy":"category","embeddable":true,"href":"https:\/\/maricatotal.com.br\/site\/wp-json\/wp\/v2\/categories?post=10792"},{"taxonomy":"post_tag","embeddable":true,"href":"https:\/\/maricatotal.com.br\/site\/wp-json\/wp\/v2\/tags?post=10792"}],"curies":[{"name":"wp","href":"https:\/\/api.w.org\/{rel}","templated":true}]}}