{"id":10801,"date":"2020-06-03T11:18:51","date_gmt":"2020-06-03T14:18:51","guid":{"rendered":"http:\/\/maricatotal.com.br\/site\/?p=10801"},"modified":"2020-06-03T11:18:52","modified_gmt":"2020-06-03T14:18:52","slug":"prefeitura-vai-doar-3-mil-mudas-no-dia-mundial-do-meio-ambiente","status":"publish","type":"post","link":"https:\/\/maricatotal.com.br\/site\/2020\/06\/03\/prefeitura-vai-doar-3-mil-mudas-no-dia-mundial-do-meio-ambiente\/","title":{"rendered":"PREFEITURA VAI DOAR 3 MIL MUDAS NO DIA MUNDIAL DO MEIO AMBIENTE"},"content":{"rendered":"\n<p>Para comemorar o Dia Mundial do Meio Ambiente na pr\u00f3xima sexta-feira, 05\/06, a Secretaria de Cidade Sustent\u00e1vel vai doar 3 mil mudas nativas da Mata Atl\u00e2ntica para os moradores. A a\u00e7\u00e3o faz parte do \u201cMaric\u00e1&nbsp;+ Verde na sua casa\u201d.<\/p>\n\n\n\n<p>Segundo o secret\u00e1rio da pasta, Guilherme Di Cesar Mota, a distribui\u00e7\u00e3o das mudas como ip\u00ea rosa, ip\u00ea amarelo, graviola, pata de paca e oiti ter\u00e1 in\u00edcio na sexta-feira (5), buscando atender a todos os pedidos.<\/p>\n\n\n\n<p>\u201cTodo ano, n\u00f3s realizamos a comemora\u00e7\u00e3o do Dia Mundial do Meio Ambiente na Pra\u00e7a Orlando de Barros Pimentel, no Centro. Ent\u00e3o nossa ideia \u00e9 que em meio a esta pandemia possamos despertar o desejo de contribuir de alguma forma pela melhoria do planeta. Estamos em momento de transforma\u00e7\u00e3o, por que n\u00e3o come\u00e7ar esta mudan\u00e7a com o plantio de uma \u00e1rvore?\u201d, disse Guilherme.<\/p>\n\n\n\n<p>As solicita\u00e7\u00f5es devem ser enviadas at\u00e9 as 17h desta quinta-feira, 04\/06, para o email&nbsp;<a href=\"mailto:maricamaisverde.ambiente@gmail.com\">maricamaisverde.ambiente@gmail.com<\/a>. A secretaria enviar\u00e1 uma listagem atualizada de mudas para a pessoa escolher. Na entrega, receber\u00e1 as orienta\u00e7\u00f5es sobre o plantio.<\/p>\n\n\n\n<p>O projeto Maric\u00e1 mais Verde existe h\u00e1 seis anos. Durante este tempo, j\u00e1 foram doadas para moradores ou plantadas em \u00e1reas p\u00fablicas mais de 25 mil mudas.<\/p>\n","protected":false},"excerpt":{"rendered":"<p>Para comemorar o Dia Mundial do Meio Ambiente na pr\u00f3xima sexta-feira, 05\/06, a Secretaria de Cidade Sustent\u00e1vel vai doar 3<\/p>\n","protected":false},"author":1,"featured_media":10802,"comment_status":"open","ping_status":"open","sticky":false,"template":"","format":"standard","meta":{"colormag_page_container_layout":"default_layout","colormag_page_sidebar_layout":"default_layout","footnotes":""},"categories":[18],"tags":[],"class_list":["post-10801","post","type-post","status-publish","format-standard","has-post-thumbnail","hentry","category-entretenimento"],"amp_enabled":true,"_links":{"self":[{"href":"https:\/\/maricatotal.com.br\/site\/wp-json\/wp\/v2\/posts\/10801","targetHints":{"allow":["GET"]}}],"collection":[{"href":"https:\/\/maricatotal.com.br\/site\/wp-json\/wp\/v2\/posts"}],"about":[{"href":"https:\/\/maricatotal.com.br\/site\/wp-json\/wp\/v2\/types\/post"}],"author":[{"embeddable":true,"href":"https:\/\/maricatotal.com.br\/site\/wp-json\/wp\/v2\/users\/1"}],"replies":[{"embeddable":true,"href":"https:\/\/maricatotal.com.br\/site\/wp-json\/wp\/v2\/comments?post=10801"}],"version-history":[{"count":0,"href":"https:\/\/maricatotal.com.br\/site\/wp-json\/wp\/v2\/posts\/10801\/revisions"}],"wp:featuredmedia":[{"embeddable":true,"href":"https:\/\/maricatotal.com.br\/site\/wp-json\/wp\/v2\/media\/10802"}],"wp:attachment":[{"href":"https:\/\/maricatotal.com.br\/site\/wp-json\/wp\/v2\/media?parent=10801"}],"wp:term":[{"taxonomy":"category","embeddable":true,"href":"https:\/\/maricatotal.com.br\/site\/wp-json\/wp\/v2\/categories?post=10801"},{"taxonomy":"post_tag","embeddable":true,"href":"https:\/\/maricatotal.com.br\/site\/wp-json\/wp\/v2\/tags?post=10801"}],"curies":[{"name":"wp","href":"https:\/\/api.w.org\/{rel}","templated":true}]}}