{"id":1084,"date":"2019-05-16T09:16:29","date_gmt":"2019-05-16T12:16:29","guid":{"rendered":"http:\/\/maricatotal.com.br\/site\/?p=1084"},"modified":"2019-05-16T09:16:29","modified_gmt":"2019-05-16T12:16:29","slug":"alunas-do-curso-de-construcao-civil-se-encontram-com-o-prefeito-no-gabinete","status":"publish","type":"post","link":"https:\/\/maricatotal.com.br\/site\/2019\/05\/16\/alunas-do-curso-de-construcao-civil-se-encontram-com-o-prefeito-no-gabinete\/","title":{"rendered":"ALUNAS DO CURSO DE CONSTRU\u00c7\u00c3O CIVIL SE ENCONTRAM COM O PREFEITO NO GABINETE"},"content":{"rendered":"\n<p>O prefeito Fabiano Horta recebeu no gabinete, na manh\u00e3 desta quarta-feira (15\/05), um grupo de doze mulheres moradoras dos dois condom\u00ednios \u201cMinha Casa, Minha Vida\u201d constru\u00eddos na cidade.<\/p>\n\n\n\n<p>Elas s\u00e3o alunas de um curso de constru\u00e7\u00e3o civil promovido pela organiza\u00e7\u00e3o n\u00e3o-governamental M\u00e3o na Massa, que tem apoio da Petrobras. As aulas, que come\u00e7aram na semana passada e ter\u00e3o cinco meses de dura\u00e7\u00e3o, acontecem na Funda\u00e7\u00e3o de Apoio \u00e1 Escola T\u00e9cnica (Faetec) de Itabora\u00ed, que fica no bairro Amplia\u00e7\u00e3o, e as alunas s\u00e3o transportadas em uma van cedida pela Secretaria de Participa\u00e7\u00e3o Popular, Direitos Humanos e Mulher. Al\u00e9m da parte t\u00e9cnica, as alunas ter\u00e3o li\u00e7\u00f5es tamb\u00e9m de sociologia e outros temas.<\/p>\n\n\n\n<p>\u201cEst\u00e3o todas felizes em participar e me mostram cada passo, cada progresso que alcan\u00e7am nas aulas. \u00c9 um retorno bem gratificante\u201d, garantiu a assistente social Sely Cristina da Silva.<\/p>\n\n\n\n<p>Uma das alunas, T\u00e1bata M\u00f4nica Pereira de Lima, conta que o curso serve como uma v\u00e1lvula de escape para sua rotina de cuidar da filha de 15 anos que \u00e9 portadora de necessidades especiais.<\/p>\n\n\n\n<p>\u201c\u00c9 onde posso mostrar que sou capaz de ser melhor ainda. \u00c9 um momento meu, de supera\u00e7\u00e3o\u201d, afirma ela, que tem 45 anos e mora no Residencial Carlos Alberto Soares de Freitas, em Ino\u00e3.<\/p>\n\n\n\n<p>No mesmo bairro mora Jana\u00edna Cosmo, de 39 anos. \u201cSempre trabalhei voluntariamente, mas agora posso fazer tudo com mais exatid\u00e3o. J\u00e1 aprendi at\u00e9 a calcular a quantidade de tijolos para uma parede\u201d, comemora a aluna.<\/p>\n\n\n\n<p>O prefeito Fabiano Horta parabenizou as alunas e afirmou que pretende organizar, atrav\u00e9s da secretaria, uma cooperativa para as futuras trabalhadoras.<\/p>\n\n\n\n<p>\u201cEsta \u00e9 uma oportunidade de empoderamento e afirma\u00e7\u00e3o para voc\u00eas, e isso nos torna convictos do que estamos construindo em nossa cidade, que \u00e9 a dignidade com cidadania. Pe\u00e7o a voc\u00eas que estimulem outras mulheres a tamb\u00e9m buscar essa meta\u201d, disse.<\/p>\n\n\n\n<p>Ao lado do subsecret\u00e1rio Mauro Alem\u00e3o, o secret\u00e1rio Jo\u00e3o Carlos de Lima refor\u00e7ou o pedido do prefeito para que tragam outras mulheres para o curso.<\/p>\n\n\n\n<p>\u201cNossa gest\u00e3o foca nos mais necessitados para viabilizar seus sonhos de vida, principalmente as mulheres. Queremos trazer mais gente e tamb\u00e9m levar esse debate para as casas de voc\u00eas\u201d, disse ele.<\/p>\n","protected":false},"excerpt":{"rendered":"<p>O prefeito Fabiano Horta recebeu no gabinete, na manh\u00e3 desta quarta-feira (15\/05), um grupo de doze mulheres moradoras dos dois<\/p>\n","protected":false},"author":1,"featured_media":1085,"comment_status":"closed","ping_status":"closed","sticky":false,"template":"","format":"standard","meta":{"colormag_page_container_layout":"default_layout","colormag_page_sidebar_layout":"default_layout","footnotes":""},"categories":[1],"tags":[],"class_list":["post-1084","post","type-post","status-publish","format-standard","has-post-thumbnail","hentry","category-noticias"],"amp_enabled":true,"_links":{"self":[{"href":"https:\/\/maricatotal.com.br\/site\/wp-json\/wp\/v2\/posts\/1084","targetHints":{"allow":["GET"]}}],"collection":[{"href":"https:\/\/maricatotal.com.br\/site\/wp-json\/wp\/v2\/posts"}],"about":[{"href":"https:\/\/maricatotal.com.br\/site\/wp-json\/wp\/v2\/types\/post"}],"author":[{"embeddable":true,"href":"https:\/\/maricatotal.com.br\/site\/wp-json\/wp\/v2\/users\/1"}],"replies":[{"embeddable":true,"href":"https:\/\/maricatotal.com.br\/site\/wp-json\/wp\/v2\/comments?post=1084"}],"version-history":[{"count":0,"href":"https:\/\/maricatotal.com.br\/site\/wp-json\/wp\/v2\/posts\/1084\/revisions"}],"wp:featuredmedia":[{"embeddable":true,"href":"https:\/\/maricatotal.com.br\/site\/wp-json\/wp\/v2\/media\/1085"}],"wp:attachment":[{"href":"https:\/\/maricatotal.com.br\/site\/wp-json\/wp\/v2\/media?parent=1084"}],"wp:term":[{"taxonomy":"category","embeddable":true,"href":"https:\/\/maricatotal.com.br\/site\/wp-json\/wp\/v2\/categories?post=1084"},{"taxonomy":"post_tag","embeddable":true,"href":"https:\/\/maricatotal.com.br\/site\/wp-json\/wp\/v2\/tags?post=1084"}],"curies":[{"name":"wp","href":"https:\/\/api.w.org\/{rel}","templated":true}]}}