{"id":1088,"date":"2019-05-16T12:05:58","date_gmt":"2019-05-16T15:05:58","guid":{"rendered":"http:\/\/maricatotal.com.br\/site\/?p=1088"},"modified":"2019-05-16T12:37:14","modified_gmt":"2019-05-16T15:37:14","slug":"morre-nesta-quinta-feira-vitima-de-grave-acidente-que-aconteceu-em-marco","status":"publish","type":"post","link":"https:\/\/maricatotal.com.br\/site\/2019\/05\/16\/morre-nesta-quinta-feira-vitima-de-grave-acidente-que-aconteceu-em-marco\/","title":{"rendered":"MORRE NESTA QUINTA-FEIRA V\u00cdTIMA DE GRAVE ACIDENTE QUE ACONTECEU EM MAR\u00c7O"},"content":{"rendered":"\n<p>Douglas Amorim Ferreira, de 28 anos, morreu na manh\u00e3 desta quinta-feira (16), no Hospital Estadual Alberto Torres, em S\u00e3o Gon\u00e7alo. O homem era  motorista do vereador Rob Gol.<\/p>\n\n\n\n<p>Douglas Amorim sofreu um grave acidente no dia 28 de Mar\u00e7o na Estrada do Boqueir\u00e3o. O motorista estava indo sentido Centro de Maric\u00e1 quando de repente perde o controle do carro e bate contra uma \u00e1rvore.<\/p>\n\n\n\n<p>O motorista foi socorrido pelos Bombeiros do Destacamento de Maric\u00e1 e levado em uma Ambul\u00e2ncia para o Hospital Conde Modesto Leal, no Centro de Maric\u00e1, e de l\u00e1 foi transferido para o Hospital Estadual Alberto Torres.<\/p>\n\n\n\n<p>Ainda n\u00e3o sabemos sobre o dia e hor\u00e1rio do sepultamento.<\/p>\n","protected":false},"excerpt":{"rendered":"<p>Douglas Amorim Ferreira, de 28 anos, morreu na manh\u00e3 desta quinta-feira (16), no Hospital Estadual Alberto Torres, em S\u00e3o Gon\u00e7alo.<\/p>\n","protected":false},"author":1,"featured_media":1090,"comment_status":"closed","ping_status":"closed","sticky":false,"template":"","format":"standard","meta":{"colormag_page_container_layout":"default_layout","colormag_page_sidebar_layout":"default_layout","footnotes":""},"categories":[16],"tags":[],"class_list":["post-1088","post","type-post","status-publish","format-standard","has-post-thumbnail","hentry","category-transito"],"amp_enabled":true,"_links":{"self":[{"href":"https:\/\/maricatotal.com.br\/site\/wp-json\/wp\/v2\/posts\/1088","targetHints":{"allow":["GET"]}}],"collection":[{"href":"https:\/\/maricatotal.com.br\/site\/wp-json\/wp\/v2\/posts"}],"about":[{"href":"https:\/\/maricatotal.com.br\/site\/wp-json\/wp\/v2\/types\/post"}],"author":[{"embeddable":true,"href":"https:\/\/maricatotal.com.br\/site\/wp-json\/wp\/v2\/users\/1"}],"replies":[{"embeddable":true,"href":"https:\/\/maricatotal.com.br\/site\/wp-json\/wp\/v2\/comments?post=1088"}],"version-history":[{"count":0,"href":"https:\/\/maricatotal.com.br\/site\/wp-json\/wp\/v2\/posts\/1088\/revisions"}],"wp:featuredmedia":[{"embeddable":true,"href":"https:\/\/maricatotal.com.br\/site\/wp-json\/wp\/v2\/media\/1090"}],"wp:attachment":[{"href":"https:\/\/maricatotal.com.br\/site\/wp-json\/wp\/v2\/media?parent=1088"}],"wp:term":[{"taxonomy":"category","embeddable":true,"href":"https:\/\/maricatotal.com.br\/site\/wp-json\/wp\/v2\/categories?post=1088"},{"taxonomy":"post_tag","embeddable":true,"href":"https:\/\/maricatotal.com.br\/site\/wp-json\/wp\/v2\/tags?post=1088"}],"curies":[{"name":"wp","href":"https:\/\/api.w.org\/{rel}","templated":true}]}}