{"id":1097,"date":"2019-05-16T12:24:57","date_gmt":"2019-05-16T15:24:57","guid":{"rendered":"http:\/\/maricatotal.com.br\/site\/?p=1097"},"modified":"2019-05-16T12:24:57","modified_gmt":"2019-05-16T15:24:57","slug":"com-enorme-quantidade-de-drogas-traficante-e-preso-em-canteiro-de-obras-da-prefeitura-em-itaipuacu-2","status":"publish","type":"post","link":"https:\/\/maricatotal.com.br\/site\/2019\/05\/16\/com-enorme-quantidade-de-drogas-traficante-e-preso-em-canteiro-de-obras-da-prefeitura-em-itaipuacu-2\/","title":{"rendered":"COM ENORME QUANTIDADE DE DROGAS, TRAFICANTE \u00c9 PRESO EM CANTEIRO DE OBRAS DA PREFEITURA EM ITAIPUA\u00c7U"},"content":{"rendered":"\n<p> Ap\u00f3s denuncias, Policias Militares do Servi\u00e7o Reservado (P-2) do 12o Batalh\u00e3o de Niter\u00f3i prenderam Sherman Santos Mendon\u00e7a, de 41 anos,  em um canteiro de obras da Prefeitura de Maric\u00e1, em Itaipua\u00e7u. A a\u00e7\u00e3o aconteceu na manh\u00e3 desta quinta-feira (16), e foram apreendidos 126 pinos de coca\u00edna e 107 trouxinhas de maconha. <\/p>\n\n\n\n<p> O homem foi levado para a Delegacia de Maric\u00e1, e ap\u00f3s encaminhado para a Central de Flagrantes da Policia Civil, 76 DP em Niter\u00f3i, sendo autuado por tr\u00e1fico de drogas.  <\/p>\n\n\n\n<figure class=\"wp-block-image\"><img loading=\"lazy\" decoding=\"async\" width=\"1024\" height=\"576\" src=\"http:\/\/maricatotal.com.br\/site\/wp-content\/uploads\/2019\/05\/60461684_884199638597646_896524416735772672_n-1024x576.jpg\" alt=\"\" class=\"wp-image-1099\" srcset=\"https:\/\/maricatotal.com.br\/site\/wp-content\/uploads\/2019\/05\/60461684_884199638597646_896524416735772672_n-1024x576.jpg 1024w, https:\/\/maricatotal.com.br\/site\/wp-content\/uploads\/2019\/05\/60461684_884199638597646_896524416735772672_n-300x169.jpg 300w, https:\/\/maricatotal.com.br\/site\/wp-content\/uploads\/2019\/05\/60461684_884199638597646_896524416735772672_n-768x432.jpg 768w, https:\/\/maricatotal.com.br\/site\/wp-content\/uploads\/2019\/05\/60461684_884199638597646_896524416735772672_n-777x437.jpg 777w, https:\/\/maricatotal.com.br\/site\/wp-content\/uploads\/2019\/05\/60461684_884199638597646_896524416735772672_n-260x146.jpg 260w, https:\/\/maricatotal.com.br\/site\/wp-content\/uploads\/2019\/05\/60461684_884199638597646_896524416735772672_n-120x67.jpg 120w, https:\/\/maricatotal.com.br\/site\/wp-content\/uploads\/2019\/05\/60461684_884199638597646_896524416735772672_n.jpg 1280w\" sizes=\"auto, (max-width: 1024px) 100vw, 1024px\" \/><\/figure>\n\n\n\n<p><\/p>\n","protected":false},"excerpt":{"rendered":"<p>Ap\u00f3s denuncias, Policias Militares do Servi\u00e7o Reservado (P-2) do 12o Batalh\u00e3o de Niter\u00f3i prenderam Sherman Santos Mendon\u00e7a, de 41 anos,<\/p>\n","protected":false},"author":1,"featured_media":1098,"comment_status":"closed","ping_status":"closed","sticky":false,"template":"","format":"standard","meta":{"colormag_page_container_layout":"default_layout","colormag_page_sidebar_layout":"default_layout","footnotes":""},"categories":[1],"tags":[],"class_list":["post-1097","post","type-post","status-publish","format-standard","has-post-thumbnail","hentry","category-noticias"],"amp_enabled":true,"_links":{"self":[{"href":"https:\/\/maricatotal.com.br\/site\/wp-json\/wp\/v2\/posts\/1097","targetHints":{"allow":["GET"]}}],"collection":[{"href":"https:\/\/maricatotal.com.br\/site\/wp-json\/wp\/v2\/posts"}],"about":[{"href":"https:\/\/maricatotal.com.br\/site\/wp-json\/wp\/v2\/types\/post"}],"author":[{"embeddable":true,"href":"https:\/\/maricatotal.com.br\/site\/wp-json\/wp\/v2\/users\/1"}],"replies":[{"embeddable":true,"href":"https:\/\/maricatotal.com.br\/site\/wp-json\/wp\/v2\/comments?post=1097"}],"version-history":[{"count":0,"href":"https:\/\/maricatotal.com.br\/site\/wp-json\/wp\/v2\/posts\/1097\/revisions"}],"wp:featuredmedia":[{"embeddable":true,"href":"https:\/\/maricatotal.com.br\/site\/wp-json\/wp\/v2\/media\/1098"}],"wp:attachment":[{"href":"https:\/\/maricatotal.com.br\/site\/wp-json\/wp\/v2\/media?parent=1097"}],"wp:term":[{"taxonomy":"category","embeddable":true,"href":"https:\/\/maricatotal.com.br\/site\/wp-json\/wp\/v2\/categories?post=1097"},{"taxonomy":"post_tag","embeddable":true,"href":"https:\/\/maricatotal.com.br\/site\/wp-json\/wp\/v2\/tags?post=1097"}],"curies":[{"name":"wp","href":"https:\/\/api.w.org\/{rel}","templated":true}]}}