{"id":11097,"date":"2020-06-12T08:18:56","date_gmt":"2020-06-12T11:18:56","guid":{"rendered":"http:\/\/maricatotal.com.br\/site\/?p=11097"},"modified":"2020-06-12T08:18:57","modified_gmt":"2020-06-12T11:18:57","slug":"inauguracao-do-hospital-de-campanha-de-sao-goncalo-e-adiada-sexta-vez","status":"publish","type":"post","link":"https:\/\/maricatotal.com.br\/site\/2020\/06\/12\/inauguracao-do-hospital-de-campanha-de-sao-goncalo-e-adiada-sexta-vez\/","title":{"rendered":"INAUGURA\u00c7\u00c3O DO HOSPITAL DE CAMPANHA DE S\u00c3O GON\u00c7ALO \u00c9 ADIADA SEXTA VEZ"},"content":{"rendered":"\n<p>A inaugura\u00e7\u00e3o do hospital de campanha de S\u00e3o Gon\u00e7alo, que estava prevista para esta sexta-feira (12), n\u00e3o acontecer\u00e1. Pela sexta vez, em pouco mais de um m\u00eas, a Secret\u00e1ria de Sa\u00fade do estado voltou atr\u00e1s e disse que a unidade deve ser inaugurada na pr\u00f3xima semana.&nbsp;<\/p>\n\n\n\n<p>Vale lembrar que no dia 04 deste m\u00eas, o&nbsp;secret\u00e1rio estadual de Sa\u00fade, Fernando Ferry, em entrevista para a TV Globo, falou sobre a expectativa de inaugurar a unidade nesta sexta.&nbsp;<\/p>\n\n\n\n<p>A nova data foi dada ap\u00f3s o governador Wilson Witzel assinar um decreto, na \u00faltima ter\u00e7a-feira (02), afastando a organiza\u00e7\u00e3o social (OS) Instituto de Aten\u00e7\u00e3o B\u00e1sica e Avan\u00e7ada \u00e0 Sa\u00fade (Iabas) da constru\u00e7\u00e3o e gest\u00e3o dos sete hospitais de campanha do estado. O motivo do afastamento foi o atraso para concluir as obras das diversas unidades de sa\u00fade. A primeira previs\u00e3o de abertura para os hospitais era 30 de abril, mas, nesta data, ainda era poss\u00edvel ver que muitos hospitais de campanha ainda estavam em obras.&nbsp;Agora, a gest\u00e3o dos locais ser\u00e1 feita pela Funda\u00e7\u00e3o Estadual de Sa\u00fade.<\/p>\n\n\n\n<p>O hospital de campanha de S\u00e3o Gon\u00e7alo tem 80 leitos de UTI e foi feito com o objetivo de ajudar a cuidar dos diversos casos de coronav\u00edrus em S\u00e3o Gon\u00e7alo. At\u00e9 a noite desta quinta-feira (11), o munic\u00edpio confirmou&nbsp;&nbsp;9834 casos suspeitos, 2354 confirmados, 883 descartados, 503 curados, 266 \u00f3bitos confirmados e 30 \u00f3bitos em investiga\u00e7\u00e3o.&nbsp;<\/p>\n","protected":false},"excerpt":{"rendered":"<p>A inaugura\u00e7\u00e3o do hospital de campanha de S\u00e3o Gon\u00e7alo, que estava prevista para esta sexta-feira (12), n\u00e3o acontecer\u00e1. Pela sexta<\/p>\n","protected":false},"author":1,"featured_media":11098,"comment_status":"open","ping_status":"open","sticky":false,"template":"","format":"standard","meta":{"colormag_page_container_layout":"default_layout","colormag_page_sidebar_layout":"default_layout","footnotes":""},"categories":[14,17],"tags":[],"class_list":["post-11097","post","type-post","status-publish","format-standard","has-post-thumbnail","hentry","category-bairros","category-politica"],"amp_enabled":true,"_links":{"self":[{"href":"https:\/\/maricatotal.com.br\/site\/wp-json\/wp\/v2\/posts\/11097","targetHints":{"allow":["GET"]}}],"collection":[{"href":"https:\/\/maricatotal.com.br\/site\/wp-json\/wp\/v2\/posts"}],"about":[{"href":"https:\/\/maricatotal.com.br\/site\/wp-json\/wp\/v2\/types\/post"}],"author":[{"embeddable":true,"href":"https:\/\/maricatotal.com.br\/site\/wp-json\/wp\/v2\/users\/1"}],"replies":[{"embeddable":true,"href":"https:\/\/maricatotal.com.br\/site\/wp-json\/wp\/v2\/comments?post=11097"}],"version-history":[{"count":0,"href":"https:\/\/maricatotal.com.br\/site\/wp-json\/wp\/v2\/posts\/11097\/revisions"}],"wp:featuredmedia":[{"embeddable":true,"href":"https:\/\/maricatotal.com.br\/site\/wp-json\/wp\/v2\/media\/11098"}],"wp:attachment":[{"href":"https:\/\/maricatotal.com.br\/site\/wp-json\/wp\/v2\/media?parent=11097"}],"wp:term":[{"taxonomy":"category","embeddable":true,"href":"https:\/\/maricatotal.com.br\/site\/wp-json\/wp\/v2\/categories?post=11097"},{"taxonomy":"post_tag","embeddable":true,"href":"https:\/\/maricatotal.com.br\/site\/wp-json\/wp\/v2\/tags?post=11097"}],"curies":[{"name":"wp","href":"https:\/\/api.w.org\/{rel}","templated":true}]}}