{"id":1114,"date":"2019-05-16T17:59:30","date_gmt":"2019-05-16T20:59:30","guid":{"rendered":"http:\/\/maricatotal.com.br\/site\/?p=1114"},"modified":"2019-05-16T17:59:30","modified_gmt":"2019-05-16T20:59:30","slug":"com-muitas-atracoes-prefeitura-divulga-programacao-do-arraia-de-marica-2019","status":"publish","type":"post","link":"https:\/\/maricatotal.com.br\/site\/2019\/05\/16\/com-muitas-atracoes-prefeitura-divulga-programacao-do-arraia-de-marica-2019\/","title":{"rendered":"COM MUITAS ATRA\u00c7\u00d5ES, PREFEITURA DIVULGA PROGRAMA\u00c7\u00c3O DO ARRAI\u00c1 DE MARIC\u00c1 2019"},"content":{"rendered":"\n<p>A Prefeitura divulgou a programa\u00e7\u00e3o do Arrai\u00e1 de Maric\u00e1 2019 que acontece em todos os fins de semana entre os dias 07 e 30\/06. Comandada pela Secretaria de Turismo, a festa vai contemplar 11 diferentes locais nos bairros de S\u00e3o Jos\u00e9 do Imbassa\u00ed, Ara\u00e7atiba, Itaipua\u00e7u, Espraiado, Cordeirinho, Bambu\u00ed, Barra, Ponta Negra e Spar, levando para os moradores, a partir das 18h, muito forr\u00f3 e a possibilidade de, enquanto se diverte, acompanhar a apresenta\u00e7\u00e3o da quadrilha da Mi\u00f3 idade e quadrilhas profissionais.<\/p>\n\n\n\n<p>Na primeira semana, dias 07, 08 e 09\/06, os festejos acontecem na Pra\u00e7a Gilmar dos Santos Trindade (S\u00e3o Jos\u00e9 do Imbassa\u00ed), na Pra\u00e7a do Ferreira (Itaipua\u00e7u) e na Pra\u00e7a Tiradentes (Ara\u00e7atiba). Entre os artistas convidados est\u00e3o os grupos Falamansa, Forr\u00f3 Brasil e o cantor Rickson Maioli.<\/p>\n\n\n\n<p>Entre os dias 14, 15 e 16\/06, o Arrai\u00e1 continua na Pra\u00e7a Tiradentes (Ara\u00e7atiba), onde se apresentam Lucy Alves, Richard Viana e Jo\u00e3o Gabriel. Mas tamb\u00e9m desembarca na Pra\u00e7a dos Gavi\u00f5es (Itaipua\u00e7u) e na Estrada Antonio Calado (Bambu\u00ed).<\/p>\n\n\n\n<p>A banda Comich\u00e3o \u00e9 uma das atra\u00e7\u00f5es da Pra\u00e7a dos Gavi\u00f5es (Itaipua\u00e7u) que acontece nos dias 22, 23 e 24\/06. Na Rua 107 (Cordeirinho) e na Rua Thomaz Cola\u00e7o (Espraiado) as atra\u00e7\u00f5es s\u00e3o Edinho Manhoso, Bruno Berner, Betinho Bahia e Ismayer Alves.<\/p>\n\n\n\n<p>Nos dias 28, 29 e 30\/6, tem festa junina na Pra\u00e7a da Divin\u00e9ia (Barra), na Pra\u00e7a de Nossa Senhora das Gra\u00e7as (Ponta Negra), em frente \u00e0 capela de S\u00e3o Pedro (Ara\u00e7atiba) e na Av. Oreste Vereza Luiz Gen\u00e9sio (Spar). Se apresentam a banda TatudoEmCasa, os cantores Donato e Eduardo e o cantor Douglas Kali.<\/p>\n","protected":false},"excerpt":{"rendered":"<p>A Prefeitura divulgou a programa\u00e7\u00e3o do Arrai\u00e1 de Maric\u00e1 2019 que acontece em todos os fins de semana entre os<\/p>\n","protected":false},"author":1,"featured_media":1116,"comment_status":"closed","ping_status":"closed","sticky":false,"template":"","format":"standard","meta":{"colormag_page_container_layout":"default_layout","colormag_page_sidebar_layout":"default_layout","footnotes":""},"categories":[18],"tags":[],"class_list":["post-1114","post","type-post","status-publish","format-standard","has-post-thumbnail","hentry","category-entretenimento"],"amp_enabled":true,"_links":{"self":[{"href":"https:\/\/maricatotal.com.br\/site\/wp-json\/wp\/v2\/posts\/1114","targetHints":{"allow":["GET"]}}],"collection":[{"href":"https:\/\/maricatotal.com.br\/site\/wp-json\/wp\/v2\/posts"}],"about":[{"href":"https:\/\/maricatotal.com.br\/site\/wp-json\/wp\/v2\/types\/post"}],"author":[{"embeddable":true,"href":"https:\/\/maricatotal.com.br\/site\/wp-json\/wp\/v2\/users\/1"}],"replies":[{"embeddable":true,"href":"https:\/\/maricatotal.com.br\/site\/wp-json\/wp\/v2\/comments?post=1114"}],"version-history":[{"count":0,"href":"https:\/\/maricatotal.com.br\/site\/wp-json\/wp\/v2\/posts\/1114\/revisions"}],"wp:featuredmedia":[{"embeddable":true,"href":"https:\/\/maricatotal.com.br\/site\/wp-json\/wp\/v2\/media\/1116"}],"wp:attachment":[{"href":"https:\/\/maricatotal.com.br\/site\/wp-json\/wp\/v2\/media?parent=1114"}],"wp:term":[{"taxonomy":"category","embeddable":true,"href":"https:\/\/maricatotal.com.br\/site\/wp-json\/wp\/v2\/categories?post=1114"},{"taxonomy":"post_tag","embeddable":true,"href":"https:\/\/maricatotal.com.br\/site\/wp-json\/wp\/v2\/tags?post=1114"}],"curies":[{"name":"wp","href":"https:\/\/api.w.org\/{rel}","templated":true}]}}