{"id":11146,"date":"2020-06-14T17:13:42","date_gmt":"2020-06-14T20:13:42","guid":{"rendered":"http:\/\/maricatotal.com.br\/site\/?p=11146"},"modified":"2020-06-14T17:13:43","modified_gmt":"2020-06-14T20:13:43","slug":"marica-reabertura-gradual-do-comercio-acontece-do-dia-15-ao-dia-21","status":"publish","type":"post","link":"https:\/\/maricatotal.com.br\/site\/2020\/06\/14\/marica-reabertura-gradual-do-comercio-acontece-do-dia-15-ao-dia-21\/","title":{"rendered":"MARIC\u00c1: REABERTURA GRADUAL DO COM\u00c9RCIO ACONTECE DO DIA 15 AO DIA 21"},"content":{"rendered":"\n<p>Ap\u00f3s a voltar para o isolamento na fase Laranja devido ao feriado prolongado desta semana, Maric\u00e1 segue para a fase Amarelo 1 com a reabertura gradual do com\u00e9rcio e servi\u00e7os da cidade a partir desta segunda-feira (15) at\u00e9 o dia 21, pr\u00f3ximo domingo. <\/p>\n\n\n\n<p>O prefeito Fabiano Horta (PT) refor\u00e7ou a import\u00e2ncia do distanciamento social nas redes sociais.<\/p>\n\n\n\n<p>\u201cAinda n\u00e3o acabou, s\u00f3 saia de casa para o necess\u00e1rio, pois para frearmos a prolifera\u00e7\u00e3o da pandemia, devemos cumprir o distanciamento social . E se sair, use m\u00e1scara e evite aglomera\u00e7\u00f5es!\u201d<\/p>\n\n\n\n<p>Mesmo com barreiras sanit\u00e1rias e a grande conscientiza\u00e7\u00e3o, praias maricaenses foram vistas lotadas neste final de semana.<\/p>\n\n\n\n<p>At\u00e9 o \u00faltimo boletim, Maric\u00e1 conta com 726 casos confirmados, 602 curados e 40 \u00f3bitos.\u00a0<\/p>\n","protected":false},"excerpt":{"rendered":"<p>Ap\u00f3s a voltar para o isolamento na fase Laranja devido ao feriado prolongado desta semana, Maric\u00e1 segue para a fase<\/p>\n","protected":false},"author":1,"featured_media":11147,"comment_status":"open","ping_status":"open","sticky":false,"template":"","format":"standard","meta":{"colormag_page_container_layout":"default_layout","colormag_page_sidebar_layout":"default_layout","footnotes":""},"categories":[14,18,17],"tags":[],"class_list":["post-11146","post","type-post","status-publish","format-standard","has-post-thumbnail","hentry","category-bairros","category-entretenimento","category-politica"],"amp_enabled":true,"_links":{"self":[{"href":"https:\/\/maricatotal.com.br\/site\/wp-json\/wp\/v2\/posts\/11146","targetHints":{"allow":["GET"]}}],"collection":[{"href":"https:\/\/maricatotal.com.br\/site\/wp-json\/wp\/v2\/posts"}],"about":[{"href":"https:\/\/maricatotal.com.br\/site\/wp-json\/wp\/v2\/types\/post"}],"author":[{"embeddable":true,"href":"https:\/\/maricatotal.com.br\/site\/wp-json\/wp\/v2\/users\/1"}],"replies":[{"embeddable":true,"href":"https:\/\/maricatotal.com.br\/site\/wp-json\/wp\/v2\/comments?post=11146"}],"version-history":[{"count":0,"href":"https:\/\/maricatotal.com.br\/site\/wp-json\/wp\/v2\/posts\/11146\/revisions"}],"wp:featuredmedia":[{"embeddable":true,"href":"https:\/\/maricatotal.com.br\/site\/wp-json\/wp\/v2\/media\/11147"}],"wp:attachment":[{"href":"https:\/\/maricatotal.com.br\/site\/wp-json\/wp\/v2\/media?parent=11146"}],"wp:term":[{"taxonomy":"category","embeddable":true,"href":"https:\/\/maricatotal.com.br\/site\/wp-json\/wp\/v2\/categories?post=11146"},{"taxonomy":"post_tag","embeddable":true,"href":"https:\/\/maricatotal.com.br\/site\/wp-json\/wp\/v2\/tags?post=11146"}],"curies":[{"name":"wp","href":"https:\/\/api.w.org\/{rel}","templated":true}]}}