{"id":11198,"date":"2020-06-16T00:12:43","date_gmt":"2020-06-16T03:12:43","guid":{"rendered":"http:\/\/maricatotal.com.br\/site\/?p=11198"},"modified":"2020-06-16T00:12:48","modified_gmt":"2020-06-16T03:12:48","slug":"barreiras-impediram-a-entrada-de-mais-de-1800-veiculos-em-marica-no-feriado","status":"publish","type":"post","link":"https:\/\/maricatotal.com.br\/site\/2020\/06\/16\/barreiras-impediram-a-entrada-de-mais-de-1800-veiculos-em-marica-no-feriado\/","title":{"rendered":"BARREIRAS IMPEDIRAM A ENTRADA DE MAIS DE 1800 VE\u00cdCULOS EM MARIC\u00c1 NO FERIADO"},"content":{"rendered":"\n<p>Uma das a\u00e7\u00f5es previstas na bandeira laranja \u2013 para a qual o munic\u00edpio retornou na quinta-feira (11\/06) como medida de preven\u00e7\u00e3o \u00e0 expans\u00e3o do coronav\u00edrus \u2013 as barreiras sanit\u00e1rias nas entradas da cidade tiveram bastante trabalho nesse per\u00edodo. Segundo levantamento da Secretaria de Ordem P\u00fablica e Gest\u00e3o de Gabinete Institucional, mais de 1800 ve\u00edculos foram impedidos de entrar em Maric\u00e1 daquela data at\u00e9 a noite de domingo. Os bloqueios foram de 8h da quinta-feira (11\/06) at\u00e9 18h do domingo (14\/06).<\/p>\n\n\n\n<p>Ao todo, no per\u00edodo cerca de 34.321 ve\u00edculos foram abordados, 15.008 pessoas tiveram a temperatura aferida e 1617 declara\u00e7\u00f5es de resid\u00eancia foram assinadas.<\/p>\n\n\n\n<p>Cerca de 180 agentes da Secretaria de Ordem P\u00fablica atuaram diariamente&nbsp;em 7 pontos da cidade, integrando a for\u00e7a-tarefa em cada distrito e no apoio \u00e0 Defesa Civil nas orlas. \u201cAs a\u00e7\u00f5es planejadas foram executadas conforme o esperado. Concentramos nossas a\u00e7\u00f5es em orientar a popula\u00e7\u00e3o sobre as determina\u00e7\u00f5es contidas no decreto 544, que prev\u00ea na bandeira laranja maiores restri\u00e7\u00f5es na popula\u00e7\u00e3o e ao com\u00e9rcio\u201d, explicou o subsecret\u00e1rio da pasta Rhonaltt Bueno.<\/p>\n\n\n\n<p>Cinco pessoas foram encaminhadas para os polos de atendimento ap\u00f3s aferi\u00e7\u00e3o de temperatura nas barreiras. O subsecret\u00e1rio fez um balan\u00e7o das a\u00e7\u00f5es. \u201cDesde que iniciamos as nossas atividades, abordamos 193 mil ve\u00edculos, 4 mil autos retornaram por conta dos bloqueios, 11 mil declara\u00e7\u00f5es de resid\u00eancia foram preenchidas e 26 mil aferi\u00e7\u00f5es de temperatura foram realizadas\u201d, contou.&nbsp;De acordo com informa\u00e7\u00f5es da Secretaria de Posturas, em fiscaliza\u00e7\u00e3o ao com\u00e9rcio, foram emitidas 11 notifica\u00e7\u00f5es, 8 intima\u00e7\u00f5es e 1 auto de infra\u00e7\u00e3o durante o per\u00edodo.<\/p>\n","protected":false},"excerpt":{"rendered":"<p>Uma das a\u00e7\u00f5es previstas na bandeira laranja \u2013 para a qual o munic\u00edpio retornou na quinta-feira (11\/06) como medida de<\/p>\n","protected":false},"author":1,"featured_media":11199,"comment_status":"open","ping_status":"open","sticky":false,"template":"","format":"standard","meta":{"colormag_page_container_layout":"default_layout","colormag_page_sidebar_layout":"default_layout","footnotes":""},"categories":[14],"tags":[],"class_list":["post-11198","post","type-post","status-publish","format-standard","has-post-thumbnail","hentry","category-bairros"],"amp_enabled":true,"_links":{"self":[{"href":"https:\/\/maricatotal.com.br\/site\/wp-json\/wp\/v2\/posts\/11198","targetHints":{"allow":["GET"]}}],"collection":[{"href":"https:\/\/maricatotal.com.br\/site\/wp-json\/wp\/v2\/posts"}],"about":[{"href":"https:\/\/maricatotal.com.br\/site\/wp-json\/wp\/v2\/types\/post"}],"author":[{"embeddable":true,"href":"https:\/\/maricatotal.com.br\/site\/wp-json\/wp\/v2\/users\/1"}],"replies":[{"embeddable":true,"href":"https:\/\/maricatotal.com.br\/site\/wp-json\/wp\/v2\/comments?post=11198"}],"version-history":[{"count":0,"href":"https:\/\/maricatotal.com.br\/site\/wp-json\/wp\/v2\/posts\/11198\/revisions"}],"wp:featuredmedia":[{"embeddable":true,"href":"https:\/\/maricatotal.com.br\/site\/wp-json\/wp\/v2\/media\/11199"}],"wp:attachment":[{"href":"https:\/\/maricatotal.com.br\/site\/wp-json\/wp\/v2\/media?parent=11198"}],"wp:term":[{"taxonomy":"category","embeddable":true,"href":"https:\/\/maricatotal.com.br\/site\/wp-json\/wp\/v2\/categories?post=11198"},{"taxonomy":"post_tag","embeddable":true,"href":"https:\/\/maricatotal.com.br\/site\/wp-json\/wp\/v2\/tags?post=11198"}],"curies":[{"name":"wp","href":"https:\/\/api.w.org\/{rel}","templated":true}]}}