{"id":11204,"date":"2020-06-16T00:21:07","date_gmt":"2020-06-16T03:21:07","guid":{"rendered":"http:\/\/maricatotal.com.br\/site\/?p=11204"},"modified":"2020-06-16T00:22:31","modified_gmt":"2020-06-16T03:22:31","slug":"saude-inicia-testagem-de-assintomaticos","status":"publish","type":"post","link":"https:\/\/maricatotal.com.br\/site\/2020\/06\/16\/saude-inicia-testagem-de-assintomaticos\/","title":{"rendered":"SA\u00daDE INICIA TESTAGEM DE ASSINTOM\u00c1TICOS"},"content":{"rendered":"\n<p>A Prefeitura de Maric\u00e1 inicia nesta ter\u00e7a-feira (16\/06) a testagem em massa para detec\u00e7\u00e3o do novo coronav\u00edrus na popula\u00e7\u00e3o assintom\u00e1tica, tendo como primeiro p\u00fablico-alvo os idosos de mais de 60 anos. O resultado dos testes r\u00e1pidos \u00e9 fornecido em 10 minutos, e os exames ser\u00e3o feitos na unidade de sa\u00fade em que o idoso est\u00e1 cadastrado, seguindo a ordem alfab\u00e9tica (veja abaixo listagem com as datas) \u2013 caso a pessoa n\u00e3o tenha cadastro na unidade, este ser\u00e1 feito na hora, mediante apresenta\u00e7\u00e3o de documento de identidade, CPF e comprovante de resid\u00eancia.<\/p>\n\n\n\n<p>Em algumas localidades de Maric\u00e1 que n\u00e3o contam com unidades de sa\u00fade, chamados de \u201cvazios sanit\u00e1rios\u201d, a testagem ser\u00e1 feita por uma equipe m\u00f3vel, que seguir\u00e1 um cronograma pr\u00f3prio. Nesses locais, n\u00e3o ser\u00e1 necess\u00e1rio seguir a ordem alfab\u00e9tica (consulte a programa\u00e7\u00e3o abaixo). Para saber a unidade de sa\u00fade de refer\u00eancia, basta inserir o endere\u00e7o no link&nbsp;<a href=\"https:\/\/codemar.maps.arcgis.com\/apps\/webappviewer\/index.html?id=8a8bfe959bcb451889d3aa3a14d5a782\">https:\/\/codemar.maps.arcgis.com\/apps\/webappviewer\/index.html?id=8a8bfe959bcb451889d3aa3a14d5a782<\/a>.<\/p>\n\n\n\n<p>A Secretaria de Sa\u00fade de Maric\u00e1 ressalta que, nesta primeira etapa, os testes ser\u00e3o feitos apenas nos idosos de mais de 60 anos \u2013 em outras fases, ser\u00e3o testados outros grupos de moradores. Caso algum parente do idoso apresente sintomas de covid-19, toda a fam\u00edlia ser\u00e1 acompanhada pela secretaria.<\/p>\n\n\n\n<p>PROGRAMA\u00c7\u00c3O PARA TESTAGEM NAS UNIDADES DE ATEN\u00c7\u00c3O PRIM\u00c1RIA \u2013 IDOSOS (MAIORES DE 60 ANOS ASSINTOM\u00c1TICOS):<\/p>\n\n\n\n<p>16 e 17\/06: letras A e B<\/p>\n\n\n\n<p>18 e 19\/06: letras C e D<\/p>\n\n\n\n<p>22 e 23\/06: letras E, F e G<\/p>\n\n\n\n<p>24\/06: letras H e I<\/p>\n\n\n\n<p>25 e 26\/06: letras J, K e L<\/p>\n\n\n\n<p>29 e 30\/06: letra M<\/p>\n\n\n\n<p>01 e 02\/07: letras N, O e P<\/p>\n\n\n\n<p>03 e 06\/07: letras Q e R<\/p>\n\n\n\n<p>07 e 08\/07: letras S e T<\/p>\n\n\n\n<p>09\/07: letras U, V e X<\/p>\n\n\n\n<p>10\/07: letras W, Y e Z<\/p>\n\n\n\n<p>PROGRAMA\u00c7\u00c3O DA EQUIPE M\u00d3VEL<\/p>\n\n\n\n<p>16 e 17\/06 \u2013 Caxito (pra\u00e7a pr\u00f3xima a padaria Lady Day)<\/p>\n\n\n\n<p>18 e 19\/06 \u2013 Condado (entrada do condom\u00ednio)<\/p>\n\n\n\n<p>22\/06 \u2013 Caju (Pra\u00e7a do Lelei)<\/p>\n\n\n\n<p>23\/06 \u2013 Gamboa (Pra\u00e7a do Ivan)<\/p>\n\n\n\n<p>24 e 25\/06 \u2013 Jacon\u00e9 (Campo da Cor\u00e9ia)<\/p>\n\n\n\n<p>26\/06 \u2013 Bananal (Pra\u00e7a em frente a igreja de Nossa Senhora de Aparecida)<\/p>\n\n\n\n<p>29\/06 \u2013 Vale da Figueira (ao lado do posto de gasolina Ponta Negra)<\/p>\n","protected":false},"excerpt":{"rendered":"<p>A Prefeitura de Maric\u00e1 inicia nesta ter\u00e7a-feira (16\/06) a testagem em massa para detec\u00e7\u00e3o do novo coronav\u00edrus na popula\u00e7\u00e3o assintom\u00e1tica,<\/p>\n","protected":false},"author":1,"featured_media":11205,"comment_status":"open","ping_status":"open","sticky":false,"template":"","format":"standard","meta":{"colormag_page_container_layout":"default_layout","colormag_page_sidebar_layout":"default_layout","footnotes":""},"categories":[14,18],"tags":[],"class_list":["post-11204","post","type-post","status-publish","format-standard","has-post-thumbnail","hentry","category-bairros","category-entretenimento"],"amp_enabled":true,"_links":{"self":[{"href":"https:\/\/maricatotal.com.br\/site\/wp-json\/wp\/v2\/posts\/11204","targetHints":{"allow":["GET"]}}],"collection":[{"href":"https:\/\/maricatotal.com.br\/site\/wp-json\/wp\/v2\/posts"}],"about":[{"href":"https:\/\/maricatotal.com.br\/site\/wp-json\/wp\/v2\/types\/post"}],"author":[{"embeddable":true,"href":"https:\/\/maricatotal.com.br\/site\/wp-json\/wp\/v2\/users\/1"}],"replies":[{"embeddable":true,"href":"https:\/\/maricatotal.com.br\/site\/wp-json\/wp\/v2\/comments?post=11204"}],"version-history":[{"count":0,"href":"https:\/\/maricatotal.com.br\/site\/wp-json\/wp\/v2\/posts\/11204\/revisions"}],"wp:featuredmedia":[{"embeddable":true,"href":"https:\/\/maricatotal.com.br\/site\/wp-json\/wp\/v2\/media\/11205"}],"wp:attachment":[{"href":"https:\/\/maricatotal.com.br\/site\/wp-json\/wp\/v2\/media?parent=11204"}],"wp:term":[{"taxonomy":"category","embeddable":true,"href":"https:\/\/maricatotal.com.br\/site\/wp-json\/wp\/v2\/categories?post=11204"},{"taxonomy":"post_tag","embeddable":true,"href":"https:\/\/maricatotal.com.br\/site\/wp-json\/wp\/v2\/tags?post=11204"}],"curies":[{"name":"wp","href":"https:\/\/api.w.org\/{rel}","templated":true}]}}