{"id":1121,"date":"2019-05-16T23:23:33","date_gmt":"2019-05-17T02:23:33","guid":{"rendered":"http:\/\/maricatotal.com.br\/site\/?p=1121"},"modified":"2019-05-16T23:23:33","modified_gmt":"2019-05-17T02:23:33","slug":"climatempo-alerta-populacao-de-marica-e-todo-rio-de-janeiro-de-chuva-intensa","status":"publish","type":"post","link":"https:\/\/maricatotal.com.br\/site\/2019\/05\/16\/climatempo-alerta-populacao-de-marica-e-todo-rio-de-janeiro-de-chuva-intensa\/","title":{"rendered":"CLIMATEMPO ALERTA POPULA\u00c7\u00c3O DE MARIC\u00c1 E TODO RIO DE JANEIRO DE CHUVA INTENSA"},"content":{"rendered":"\n<p>Entre a madrugada do dia 16 de maio (sexta-feira) e o fim da noite do dia 19 de maio (domingo), a combina\u00e7\u00e3o da circula\u00e7\u00e3o dos ventos em v\u00e1rios n\u00edveis da atmosfera vai for\u00e7ar um grande ac\u00famulo de umidade e a forma\u00e7\u00e3o de muitas \u00e1reas de instabilidade sobre os estados do Esp\u00edrito Santo e Rio de Janeiro e no leste dos estados de S\u00e3o Paulo, Paran\u00e1 e de Santa Catarina. Parte das nuvens carregadas se forma sobre o mar e avan\u00e7a para o continente espalhando a chuva por diversas regi\u00f5es.<\/p>\n\n\n\n<p>A Climatempo alerta para ocorr\u00eancia de v\u00e1rios eventos de chuva moderada por vezes de forte intensidade, mesmo sem raios, inclusive em \u00e1reas das regi\u00f5es metropolitanas das capitais Vit\u00f3ria, Rio de Janeiro, S\u00e3o Paulo, Curitiba e Florian\u00f3polis. A chuva frequente pode provocar alagamentos nas cidades.<\/p>\n\n\n\n<p>A maior preocupa\u00e7\u00e3o \u00e9 com as regi\u00f5es litor\u00e2neas, onde os maiores volumes de chuva podem superar os 100 mm em 24 horas causando encharcamento do solo. H\u00e1 risco de deslizamentos.\u00a0<\/p>\n","protected":false},"excerpt":{"rendered":"<p>Entre a madrugada do dia 16 de maio (sexta-feira) e o fim da noite do dia 19 de maio (domingo),<\/p>\n","protected":false},"author":1,"featured_media":1122,"comment_status":"closed","ping_status":"closed","sticky":false,"template":"","format":"standard","meta":{"colormag_page_container_layout":"default_layout","colormag_page_sidebar_layout":"default_layout","footnotes":""},"categories":[14],"tags":[],"class_list":["post-1121","post","type-post","status-publish","format-standard","has-post-thumbnail","hentry","category-bairros"],"amp_enabled":true,"_links":{"self":[{"href":"https:\/\/maricatotal.com.br\/site\/wp-json\/wp\/v2\/posts\/1121","targetHints":{"allow":["GET"]}}],"collection":[{"href":"https:\/\/maricatotal.com.br\/site\/wp-json\/wp\/v2\/posts"}],"about":[{"href":"https:\/\/maricatotal.com.br\/site\/wp-json\/wp\/v2\/types\/post"}],"author":[{"embeddable":true,"href":"https:\/\/maricatotal.com.br\/site\/wp-json\/wp\/v2\/users\/1"}],"replies":[{"embeddable":true,"href":"https:\/\/maricatotal.com.br\/site\/wp-json\/wp\/v2\/comments?post=1121"}],"version-history":[{"count":0,"href":"https:\/\/maricatotal.com.br\/site\/wp-json\/wp\/v2\/posts\/1121\/revisions"}],"wp:featuredmedia":[{"embeddable":true,"href":"https:\/\/maricatotal.com.br\/site\/wp-json\/wp\/v2\/media\/1122"}],"wp:attachment":[{"href":"https:\/\/maricatotal.com.br\/site\/wp-json\/wp\/v2\/media?parent=1121"}],"wp:term":[{"taxonomy":"category","embeddable":true,"href":"https:\/\/maricatotal.com.br\/site\/wp-json\/wp\/v2\/categories?post=1121"},{"taxonomy":"post_tag","embeddable":true,"href":"https:\/\/maricatotal.com.br\/site\/wp-json\/wp\/v2\/tags?post=1121"}],"curies":[{"name":"wp","href":"https:\/\/api.w.org\/{rel}","templated":true}]}}