{"id":11244,"date":"2020-06-16T21:05:20","date_gmt":"2020-06-17T00:05:20","guid":{"rendered":"http:\/\/maricatotal.com.br\/site\/?p=11244"},"modified":"2020-06-16T21:05:21","modified_gmt":"2020-06-17T00:05:21","slug":"renda-basica-de-cidadania-de-marica-a-licao-que-os-eua-nao-aprenderam","status":"publish","type":"post","link":"https:\/\/maricatotal.com.br\/site\/2020\/06\/16\/renda-basica-de-cidadania-de-marica-a-licao-que-os-eua-nao-aprenderam\/","title":{"rendered":"RENDA B\u00c1SICA DE CIDADANIA DE MARIC\u00c1, A LI\u00c7\u00c3O QUE OS EUA N\u00c3O APRENDERAM"},"content":{"rendered":"\n<p>A publica\u00e7\u00e3o, na edi\u00e7\u00e3o desta ter\u00e7a-feira (16\/06) do jornal O Estado de S\u00e3o Paulo, do artigo intitulado \u201cMaric\u00e1 para o Brasil\u201d \u00e9 mais um marco na trajet\u00f3ria vitoriosa do programa Renda B\u00e1sica de Cidadania, iniciativa da Prefeitura de Maric\u00e1, lan\u00e7ada em 2013 atrav\u00e9s da Secretaria de Economia Solid\u00e1ria e que hoje beneficia 42 mil pessoas com 300 Mumbucas (1 Mumbuca = 1 Real) por m\u00eas (valor ampliado desde mar\u00e7o para garantir seguran\u00e7a social) na pandemia.<\/p>\n\n\n\n<p>Assinado pelo colunista e doutor em Economia Pedro Fernando Nery, o texto chancela a pol\u00edtica de renda b\u00e1sica a partir de um termo em economia para definir porque o RBC est\u00e1 no centro das discuss\u00f5es pr\u00e1ticas sobre os efeitos econ\u00f4micos da pandemia do novo coronav\u00edrus: a chamada Janela de Overton define o espectro de aceita\u00e7\u00e3o de pol\u00edticas p\u00fablicas em determinado espa\u00e7o de tempo \u201csem que sejam consideradas radicais ou extremas\u201d. O combate ao novo coronav\u00edrus transformou a renda b\u00e1sica em uma necessidade praticamente universal, mas apenas em Maric\u00e1 o conceito \u00e9 algo concreto e abrangente. Essa \u00e9 a s\u00edntese do artigo.<\/p>\n\n\n\n<p>Para mostrar um exemplo de oportunidade desperdi\u00e7ada, Pedro Fernandes Nery recorda o&nbsp;debate interno na candidatura democrata \u00e0s elei\u00e7\u00f5es de 2016 nos EUA, quando a ent\u00e3o senadora Hillary Clinton pensou em ampliar a experi\u00eancia do estado do Alasca, que custeava o programa de renda b\u00e1sica com recursos de royalties, mas abandonou a ideia. O mea culpa recente, de que teria valido a pena tentar, emoldura o resultado que o RBC trouxe para Maric\u00e1, tanto no per\u00edodo pr\u00e9-pandemia, quanto no centro das medidas de mitiga\u00e7\u00e3o dos seus efeitos.<\/p>\n\n\n\n<p>\u201cO exemplo de&nbsp;Maric\u00e1, de distribuir receitas do petr\u00f3leo diretamente aos menos afortunados da popula\u00e7\u00e3o, transmite a mensagem de que o cidad\u00e3o \u00e9 o titular dos recursos p\u00fablicos. \u00c9 um recado t\u00e3o \u00f3bvio quando esquecido em nosso pa\u00eds\u201d, avalia o colunista, agregando mais uma chancela a um programa cujo reconhecimento internacional j\u00e1 o leva a ser considerado como o modelo mundial de aplica\u00e7\u00e3o bem sucedida de universaliza\u00e7\u00e3o da renda b\u00e1sica, poss\u00edvel e vi\u00e1vel.<\/p>\n\n\n\n<p>Finalista do Pr\u00eamio Governarte 2014, iniciativa internacional do Banco Interamericano de Desenvolvimento (BID) para a\u00e7\u00f5es de inclus\u00e3o social e distribui\u00e7\u00e3o de renda atrav\u00e9s de meio digital, o RBC, popularmente chamado de Cart\u00e3o Mumbuca, vem desde ent\u00e3o sendo acompanhado com enorme interesse pela imprensa internacional. Por seu papel central na sustentabilidade do ambiente econ\u00f4mico da cidade, o programa j\u00e1 foi objeto de reportagens tanto de ag\u00eancias internacionais de not\u00edcias, como a France Presse, BBC, EFE e Associated Press (e o conte\u00fado ilustrou mat\u00e9rias em dezenas de pa\u00edses), bem como figurou em destaque em f\u00f3runs internacionais especializados em economia, como as revistas The Economist, America\u00b4s Economia, Business Insider, Rest of the World e America\u00b4s Quarterly. Atualmente, o RBC \u00e9 a estrela, ainda, de um dos nove cap\u00edtulos de um document\u00e1rio sobre economia mundial produzido pela rede de televis\u00e3o RTP de Portugal.<\/p>\n\n\n\n<p>Leia aqui a \u00edntegra da coluna.<\/p>\n\n\n\n<p><a href=\"https:\/\/www.marica.rj.gov.br\/wp-content\/uploads\/2020\/06\/estadao_marica.pdf\">estadao_marica<\/a><\/p>\n","protected":false},"excerpt":{"rendered":"<p>A publica\u00e7\u00e3o, na edi\u00e7\u00e3o desta ter\u00e7a-feira (16\/06) do jornal O Estado de S\u00e3o Paulo, do artigo intitulado \u201cMaric\u00e1 para o<\/p>\n","protected":false},"author":1,"featured_media":11245,"comment_status":"open","ping_status":"open","sticky":false,"template":"","format":"standard","meta":{"colormag_page_container_layout":"default_layout","colormag_page_sidebar_layout":"default_layout","footnotes":""},"categories":[18,17],"tags":[],"class_list":["post-11244","post","type-post","status-publish","format-standard","has-post-thumbnail","hentry","category-entretenimento","category-politica"],"amp_enabled":true,"_links":{"self":[{"href":"https:\/\/maricatotal.com.br\/site\/wp-json\/wp\/v2\/posts\/11244","targetHints":{"allow":["GET"]}}],"collection":[{"href":"https:\/\/maricatotal.com.br\/site\/wp-json\/wp\/v2\/posts"}],"about":[{"href":"https:\/\/maricatotal.com.br\/site\/wp-json\/wp\/v2\/types\/post"}],"author":[{"embeddable":true,"href":"https:\/\/maricatotal.com.br\/site\/wp-json\/wp\/v2\/users\/1"}],"replies":[{"embeddable":true,"href":"https:\/\/maricatotal.com.br\/site\/wp-json\/wp\/v2\/comments?post=11244"}],"version-history":[{"count":0,"href":"https:\/\/maricatotal.com.br\/site\/wp-json\/wp\/v2\/posts\/11244\/revisions"}],"wp:featuredmedia":[{"embeddable":true,"href":"https:\/\/maricatotal.com.br\/site\/wp-json\/wp\/v2\/media\/11245"}],"wp:attachment":[{"href":"https:\/\/maricatotal.com.br\/site\/wp-json\/wp\/v2\/media?parent=11244"}],"wp:term":[{"taxonomy":"category","embeddable":true,"href":"https:\/\/maricatotal.com.br\/site\/wp-json\/wp\/v2\/categories?post=11244"},{"taxonomy":"post_tag","embeddable":true,"href":"https:\/\/maricatotal.com.br\/site\/wp-json\/wp\/v2\/tags?post=11244"}],"curies":[{"name":"wp","href":"https:\/\/api.w.org\/{rel}","templated":true}]}}