{"id":11361,"date":"2020-06-19T15:02:10","date_gmt":"2020-06-19T18:02:10","guid":{"rendered":"http:\/\/maricatotal.com.br\/site\/?p=11361"},"modified":"2020-06-19T15:02:12","modified_gmt":"2020-06-19T18:02:12","slug":"concurso-da-guarda-municipal-de-marica-e-retomado-com-novas-resolucoes","status":"publish","type":"post","link":"https:\/\/maricatotal.com.br\/site\/2020\/06\/19\/concurso-da-guarda-municipal-de-marica-e-retomado-com-novas-resolucoes\/","title":{"rendered":"CONCURSO DA GUARDA MUNICIPAL DE MARIC\u00c1 \u00c9 RETOMADO COM NOVAS RESOLU\u00c7\u00d5ES"},"content":{"rendered":"\n<p>A Prefeitura de Maric\u00e1, atrav\u00e9s da Comiss\u00e3o do Concurso da Guarda Municipal e da Coordena\u00e7\u00e3o de Sele\u00e7\u00e3o Acad\u00eamica da Universidade Federal Fluminense (COSEAC), emitiu nesta quinta-feira (18\/06) uma nota oficial divulgando novas e importantes resolu\u00e7\u00f5es no edital do concurso que tem por objetivo a contrata\u00e7\u00e3o de 200 novos agentes para o munic\u00edpio (<a href=\"https:\/\/www.marica.rj.gov.br\/wp-content\/uploads\/2020\/06\/ConcursoPMM20192-NotaOficial22.pdf\">veja aqui a nota completa<\/a>).<\/p>\n\n\n\n<p>Entre as principais mudan\u00e7as est\u00e1 a transfer\u00eancia do Curso de Forma\u00e7\u00e3o Profissional (CFP), destinado \u00e0 prepara\u00e7\u00e3o t\u00e9cnica necess\u00e1ria ao regular desempenho das atribui\u00e7\u00f5es do cargo, para o per\u00edodo do Est\u00e1gio Probat\u00f3rio do candidato nomeado. Al\u00e9m disso, a fase de Investiga\u00e7\u00e3o Social acontecer\u00e1 ap\u00f3s a homologa\u00e7\u00e3o do concurso, por\u00e9m, antes da nomea\u00e7\u00e3o dos candidatos.<\/p>\n\n\n\n<p>J\u00e1 o processo de Heteroidentifica\u00e7\u00e3o, destinado para todos os candidatos autodeclarados negros na inscri\u00e7\u00e3o e que realizaram a matr\u00edcula no CFP, ser\u00e1 feito de forma virtual. Para isso todos os candidatos aptos receber\u00e3o as devidas instru\u00e7\u00f5es por e-mail.<\/p>\n\n\n\n<p>Outro e-mail, dessa vez para a realiza\u00e7\u00e3o presencial da per\u00edcia m\u00e9dica dos candidatos aptos que se autodeclararam pessoa com defici\u00eancia, ser\u00e1 enviado para cada candidato nesta sexta-feira (19\/06), constado local, dia, hor\u00e1rio e documentos necess\u00e1rios para a realiza\u00e7\u00e3o da devida avalia\u00e7\u00e3o.<\/p>\n\n\n\n<p>Segundo o secret\u00e1rio de Ordem P\u00fablica e Gabinete Institucional, J\u00falio C\u00e9sar Veras, o&nbsp;concurso&nbsp;foi paralisado devido \u00e0s medidas de seguran\u00e7a por conta da pandemia de Covid-19. \u201cA Prefeitura est\u00e1 se empenhando para que tudo aconte\u00e7a no menor tempo poss\u00edvel. Para o munic\u00edpio ser\u00e1 um ganho com o aumento de mais 200 agentes, n\u00famero superior ao nosso efetivo atual de 156 agentes\u201d, explicou o secret\u00e1rio.&nbsp;\u201cOs novos agentes v\u00e3o encontrar uma guarda municipal diferente, profissional, motivada e que \u00e9 devidamente reconhecida pela popula\u00e7\u00e3o de Maric\u00e1. E, esperamos e que eles tamb\u00e9m cheguem com esse pensamento\u201d, pediu o secret\u00e1rio.<\/p>\n\n\n\n<p>A Comiss\u00e3o Organizadora do Concurso orienta os candidatos a continuarem acessando regularmente o site oficial da COSEAC-UFF (www.coseac.uff.br) &nbsp;para acompanhar todas as informa\u00e7\u00f5es e atualiza\u00e7\u00f5es a respeito do processo de sele\u00e7\u00e3o.<\/p>\n","protected":false},"excerpt":{"rendered":"<p>A Prefeitura de Maric\u00e1, atrav\u00e9s da Comiss\u00e3o do Concurso da Guarda Municipal e da Coordena\u00e7\u00e3o de Sele\u00e7\u00e3o Acad\u00eamica da Universidade<\/p>\n","protected":false},"author":1,"featured_media":11362,"comment_status":"open","ping_status":"open","sticky":false,"template":"","format":"standard","meta":{"colormag_page_container_layout":"default_layout","colormag_page_sidebar_layout":"default_layout","footnotes":""},"categories":[18],"tags":[],"class_list":["post-11361","post","type-post","status-publish","format-standard","has-post-thumbnail","hentry","category-entretenimento"],"amp_enabled":true,"_links":{"self":[{"href":"https:\/\/maricatotal.com.br\/site\/wp-json\/wp\/v2\/posts\/11361","targetHints":{"allow":["GET"]}}],"collection":[{"href":"https:\/\/maricatotal.com.br\/site\/wp-json\/wp\/v2\/posts"}],"about":[{"href":"https:\/\/maricatotal.com.br\/site\/wp-json\/wp\/v2\/types\/post"}],"author":[{"embeddable":true,"href":"https:\/\/maricatotal.com.br\/site\/wp-json\/wp\/v2\/users\/1"}],"replies":[{"embeddable":true,"href":"https:\/\/maricatotal.com.br\/site\/wp-json\/wp\/v2\/comments?post=11361"}],"version-history":[{"count":0,"href":"https:\/\/maricatotal.com.br\/site\/wp-json\/wp\/v2\/posts\/11361\/revisions"}],"wp:featuredmedia":[{"embeddable":true,"href":"https:\/\/maricatotal.com.br\/site\/wp-json\/wp\/v2\/media\/11362"}],"wp:attachment":[{"href":"https:\/\/maricatotal.com.br\/site\/wp-json\/wp\/v2\/media?parent=11361"}],"wp:term":[{"taxonomy":"category","embeddable":true,"href":"https:\/\/maricatotal.com.br\/site\/wp-json\/wp\/v2\/categories?post=11361"},{"taxonomy":"post_tag","embeddable":true,"href":"https:\/\/maricatotal.com.br\/site\/wp-json\/wp\/v2\/tags?post=11361"}],"curies":[{"name":"wp","href":"https:\/\/api.w.org\/{rel}","templated":true}]}}