{"id":11612,"date":"2020-06-26T13:18:26","date_gmt":"2020-06-26T16:18:26","guid":{"rendered":"http:\/\/maricatotal.com.br\/site\/?p=11612"},"modified":"2020-06-26T13:18:27","modified_gmt":"2020-06-26T16:18:27","slug":"senhor-passa-mal-no-vermelinho-em-marica","status":"publish","type":"post","link":"https:\/\/maricatotal.com.br\/site\/2020\/06\/26\/senhor-passa-mal-no-vermelinho-em-marica\/","title":{"rendered":"SENHOR PASSA MAL NO VERMELINHO EM MARIC\u00c1"},"content":{"rendered":"\n<p>Um senhor passou mal no \u00f4nibus da Empresa P\u00fablica de Transportes (EPT), na Linha Retiro x Centro, na manh\u00e3 desta sexta-feira (26).<\/p>\n\n\n\n<p>Segundo informa\u00e7\u00f5es, o homem se sentiu mal e recebeu os primeiros socorros do motorista. Logo ap\u00f3s, foi levado para o Quartel do Corpo de Bombeiros que fica \u00e0s margens da Rodovia Amaral Peixoto, RJ-106, no Flamengo. <\/p>\n\n\n\n<p>Jos\u00e9 Carlos, de 57 anos, foi encaminhado para o Hospital Municipal Conde Modesto Leal pelos Bombeiros do Destacamento de Maric\u00e1.<\/p>\n","protected":false},"excerpt":{"rendered":"<p>Um senhor passou mal no \u00f4nibus da Empresa P\u00fablica de Transportes (EPT), na Linha Retiro x Centro, na manh\u00e3 desta<\/p>\n","protected":false},"author":1,"featured_media":11613,"comment_status":"open","ping_status":"open","sticky":false,"template":"","format":"standard","meta":{"colormag_page_container_layout":"default_layout","colormag_page_sidebar_layout":"default_layout","footnotes":""},"categories":[14],"tags":[],"class_list":["post-11612","post","type-post","status-publish","format-standard","has-post-thumbnail","hentry","category-bairros"],"amp_enabled":true,"_links":{"self":[{"href":"https:\/\/maricatotal.com.br\/site\/wp-json\/wp\/v2\/posts\/11612","targetHints":{"allow":["GET"]}}],"collection":[{"href":"https:\/\/maricatotal.com.br\/site\/wp-json\/wp\/v2\/posts"}],"about":[{"href":"https:\/\/maricatotal.com.br\/site\/wp-json\/wp\/v2\/types\/post"}],"author":[{"embeddable":true,"href":"https:\/\/maricatotal.com.br\/site\/wp-json\/wp\/v2\/users\/1"}],"replies":[{"embeddable":true,"href":"https:\/\/maricatotal.com.br\/site\/wp-json\/wp\/v2\/comments?post=11612"}],"version-history":[{"count":0,"href":"https:\/\/maricatotal.com.br\/site\/wp-json\/wp\/v2\/posts\/11612\/revisions"}],"wp:featuredmedia":[{"embeddable":true,"href":"https:\/\/maricatotal.com.br\/site\/wp-json\/wp\/v2\/media\/11613"}],"wp:attachment":[{"href":"https:\/\/maricatotal.com.br\/site\/wp-json\/wp\/v2\/media?parent=11612"}],"wp:term":[{"taxonomy":"category","embeddable":true,"href":"https:\/\/maricatotal.com.br\/site\/wp-json\/wp\/v2\/categories?post=11612"},{"taxonomy":"post_tag","embeddable":true,"href":"https:\/\/maricatotal.com.br\/site\/wp-json\/wp\/v2\/tags?post=11612"}],"curies":[{"name":"wp","href":"https:\/\/api.w.org\/{rel}","templated":true}]}}