{"id":11631,"date":"2020-06-27T01:31:45","date_gmt":"2020-06-27T04:31:45","guid":{"rendered":"http:\/\/maricatotal.com.br\/site\/?p=11631"},"modified":"2020-06-27T01:31:46","modified_gmt":"2020-06-27T04:31:46","slug":"covid-19-mesmo-com-retomada-gradual-da-economia-ocupacao-de-leitos-caiu-para-373","status":"publish","type":"post","link":"https:\/\/maricatotal.com.br\/site\/2020\/06\/27\/covid-19-mesmo-com-retomada-gradual-da-economia-ocupacao-de-leitos-caiu-para-373\/","title":{"rendered":"COVID-19: MESMO COM RETOMADA GRADUAL DA ECONOMIA, OCUPA\u00c7\u00c3O DE LEITOS CAIU PARA 37,3%"},"content":{"rendered":"\n<p>H\u00e1 exatos 21 dias da retomada de forma gradual das atividades econ\u00f4micas em Maric\u00e1, que come\u00e7ou a partir do \u00faltimo dia 04\/06 com a entrada em vigor do decreto que estabeleceu a fase Amarelo 1, a rede municipal de Sa\u00fade tem apresentado uma redu\u00e7\u00e3o significativa da taxa de ocupa\u00e7\u00e3o de leitos dispon\u00edveis para pacientes com Covid-19.<\/p>\n\n\n\n<p>Em apenas uma semana, essa taxa passou de 43,3% para 37,3%, segundo consta na nota t\u00e9cnica emitida pela Secretaria de Sa\u00fade na \u00faltima quinta-feira (25\/06) e que embasa a decis\u00e3o de transferir o status para a fase Amarelo 2. O documento tamb\u00e9m aponta para uma redu\u00e7\u00e3o na taxa de respiradores em uso.&nbsp;No dia 18\/06, o n\u00famero era de 18,7%, passando agora para apenas 8,7% dos equipamentos.<\/p>\n\n\n\n<p>De acordo com a secret\u00e1ria de Sa\u00fade, Simone Costa, com a mudan\u00e7a no protocolo de testagem do cont\u00e1gio e a estrat\u00e9gia de testagem de assintom\u00e1ticos, iniciada pelos idosos do munic\u00edpio, \u00e9 poss\u00edvel notar que o cont\u00e1gio permaneceu controlado nesta \u00faltima semana, mesmo observando uma procura ligeiramente maior nas tendas.<\/p>\n\n\n\n<p>No \u00faltimo parecer da Sa\u00fade, a m\u00e9dia di\u00e1ria era de 133 pessoas \u00e0 procura dos tr\u00eas polos de atendimento (Centro, Ponta Negra e Itaipu\u00e7u) e atualmente contabiliza 174 pessoas com sintomas. Com rela\u00e7\u00e3o aos pacientes em recupera\u00e7\u00e3o, esse n\u00famero soma 138 contra 92 no \u00faltimo parecer.<\/p>\n\n\n\n<p>\u201cCom base nestes dados e a fase de cont\u00e1gio da doen\u00e7a na cidade, podemos afirmar que sanitariamente o munic\u00edpio est\u00e1 preparado para avan\u00e7ar um passo a mais, lembrando que a sa\u00fade mental psicol\u00f3gica da sociedade \u00e9 de igual import\u00e2ncia e relev\u00e2ncia\u201d, concluiu a secret\u00e1ria Simone Costa.<\/p>\n","protected":false},"excerpt":{"rendered":"<p>H\u00e1 exatos 21 dias da retomada de forma gradual das atividades econ\u00f4micas em Maric\u00e1, que come\u00e7ou a partir do \u00faltimo<\/p>\n","protected":false},"author":1,"featured_media":11632,"comment_status":"open","ping_status":"open","sticky":false,"template":"","format":"standard","meta":{"colormag_page_container_layout":"default_layout","colormag_page_sidebar_layout":"default_layout","footnotes":""},"categories":[18],"tags":[],"class_list":["post-11631","post","type-post","status-publish","format-standard","has-post-thumbnail","hentry","category-entretenimento"],"amp_enabled":true,"_links":{"self":[{"href":"https:\/\/maricatotal.com.br\/site\/wp-json\/wp\/v2\/posts\/11631","targetHints":{"allow":["GET"]}}],"collection":[{"href":"https:\/\/maricatotal.com.br\/site\/wp-json\/wp\/v2\/posts"}],"about":[{"href":"https:\/\/maricatotal.com.br\/site\/wp-json\/wp\/v2\/types\/post"}],"author":[{"embeddable":true,"href":"https:\/\/maricatotal.com.br\/site\/wp-json\/wp\/v2\/users\/1"}],"replies":[{"embeddable":true,"href":"https:\/\/maricatotal.com.br\/site\/wp-json\/wp\/v2\/comments?post=11631"}],"version-history":[{"count":0,"href":"https:\/\/maricatotal.com.br\/site\/wp-json\/wp\/v2\/posts\/11631\/revisions"}],"wp:featuredmedia":[{"embeddable":true,"href":"https:\/\/maricatotal.com.br\/site\/wp-json\/wp\/v2\/media\/11632"}],"wp:attachment":[{"href":"https:\/\/maricatotal.com.br\/site\/wp-json\/wp\/v2\/media?parent=11631"}],"wp:term":[{"taxonomy":"category","embeddable":true,"href":"https:\/\/maricatotal.com.br\/site\/wp-json\/wp\/v2\/categories?post=11631"},{"taxonomy":"post_tag","embeddable":true,"href":"https:\/\/maricatotal.com.br\/site\/wp-json\/wp\/v2\/tags?post=11631"}],"curies":[{"name":"wp","href":"https:\/\/api.w.org\/{rel}","templated":true}]}}