{"id":11648,"date":"2020-06-27T10:12:09","date_gmt":"2020-06-27T13:12:09","guid":{"rendered":"http:\/\/maricatotal.com.br\/site\/?p=11648"},"modified":"2020-06-27T10:18:42","modified_gmt":"2020-06-27T13:18:42","slug":"balao-e-apreendido-pela-policia-ambiental-na-serra-da-tiririca","status":"publish","type":"post","link":"https:\/\/maricatotal.com.br\/site\/2020\/06\/27\/balao-e-apreendido-pela-policia-ambiental-na-serra-da-tiririca\/","title":{"rendered":"BAL\u00c3O \u00c9 APREENDIDO PELA POL\u00cdCIA AMBIENTAL NA SERRA DA TIRIRICA"},"content":{"rendered":"\n<p>A Unidade de Pol\u00edcia Ambiental (UPAm) apreendeu um bal\u00e3o com cerca de 10 metros na Serra da Tiririca, em Itaipua\u00e7u, na manh\u00e3 deste s\u00e1bado (27).<\/p>\n\n\n\n<p>Segundo informa\u00e7\u00f5es, equipes da 6\u00aa UPAm em patrulhamento pelo bairro quando avistaram um bal\u00e3o ainda aceso. Os policiais monitoraram o bal\u00e3o, que caiu na \u00e1rea de reserva da Serra da Tiririca.<\/p>\n\n\n\n<p>O bal\u00e3o foi apreendido e encaminhado para a 82\u00aa DP (Maric\u00e1), onde o caso ser\u00e1 registrado.<\/p>\n\n\n<p><br>\n<br>\n<!--StartFragment--><\/p>\n\n\n<p>A Unidade de Pol\u00edcia Ambiental (UPAm) apreendeu um bal\u00e3o com cerca de 10 metros na Serra da Tiririca, em Itaipua\u00e7u, na manh\u00e3 deste s\u00e1bado (27).<\/p>\n\n\n\n<p>Segundo informa\u00e7\u00f5es, equipes da 6\u00aa UPAm em patrulhamento pelo bairro quando avistaram um bal\u00e3o ainda aceso. Os policiais monitoraram o bal\u00e3o, que caiu na \u00e1rea de reserva da Serra da Tiririca.<\/p>\n\n\n\n<p>O artigo 42 da Lei de Crimes Ambientais (Lei n\u00ba 9.605\/98) diz que fabricar, vender, transportar ou soltar bal\u00f5es que possam provocar inc\u00eandios nas florestas e demais formas de vegeta\u00e7\u00e3o, em \u00e1reas urbanas ou qualquer tipo de assentamento humano, pode levar a pessoa a ser condenada \u00e0 pena de deten\u00e7\u00e3o, de um a tr\u00eas anos, ou multa, ou ambas, cumulativamente. Al\u00e9m da pena, vale ressaltar que os crimes ambientais s\u00e3o inafian\u00e7\u00e1veis.   <\/p>\n\n\n<p><!--EndFragment--><br>\n<br>\n<\/p>","protected":false},"excerpt":{"rendered":"<p>A Unidade de Pol\u00edcia Ambiental (UPAm) apreendeu um bal\u00e3o com cerca de 10 metros na Serra da Tiririca, em Itaipua\u00e7u,<\/p>\n","protected":false},"author":1,"featured_media":11649,"comment_status":"open","ping_status":"open","sticky":false,"template":"","format":"standard","meta":{"colormag_page_container_layout":"default_layout","colormag_page_sidebar_layout":"default_layout","footnotes":""},"categories":[14,1],"tags":[],"class_list":["post-11648","post","type-post","status-publish","format-standard","has-post-thumbnail","hentry","category-bairros","category-noticias"],"amp_enabled":true,"_links":{"self":[{"href":"https:\/\/maricatotal.com.br\/site\/wp-json\/wp\/v2\/posts\/11648","targetHints":{"allow":["GET"]}}],"collection":[{"href":"https:\/\/maricatotal.com.br\/site\/wp-json\/wp\/v2\/posts"}],"about":[{"href":"https:\/\/maricatotal.com.br\/site\/wp-json\/wp\/v2\/types\/post"}],"author":[{"embeddable":true,"href":"https:\/\/maricatotal.com.br\/site\/wp-json\/wp\/v2\/users\/1"}],"replies":[{"embeddable":true,"href":"https:\/\/maricatotal.com.br\/site\/wp-json\/wp\/v2\/comments?post=11648"}],"version-history":[{"count":0,"href":"https:\/\/maricatotal.com.br\/site\/wp-json\/wp\/v2\/posts\/11648\/revisions"}],"wp:featuredmedia":[{"embeddable":true,"href":"https:\/\/maricatotal.com.br\/site\/wp-json\/wp\/v2\/media\/11649"}],"wp:attachment":[{"href":"https:\/\/maricatotal.com.br\/site\/wp-json\/wp\/v2\/media?parent=11648"}],"wp:term":[{"taxonomy":"category","embeddable":true,"href":"https:\/\/maricatotal.com.br\/site\/wp-json\/wp\/v2\/categories?post=11648"},{"taxonomy":"post_tag","embeddable":true,"href":"https:\/\/maricatotal.com.br\/site\/wp-json\/wp\/v2\/tags?post=11648"}],"curies":[{"name":"wp","href":"https:\/\/api.w.org\/{rel}","templated":true}]}}