{"id":11691,"date":"2020-06-28T14:45:00","date_gmt":"2020-06-28T17:45:00","guid":{"rendered":"http:\/\/maricatotal.com.br\/site\/?p=11691"},"modified":"2020-06-28T14:55:54","modified_gmt":"2020-06-28T17:55:54","slug":"adolescente-que-estava-desaparecida-e-encontrada","status":"publish","type":"post","link":"https:\/\/maricatotal.com.br\/site\/2020\/06\/28\/adolescente-que-estava-desaparecida-e-encontrada\/","title":{"rendered":"Adolescente que estava desaparecida e encontrada"},"content":{"rendered":"\n<p>A adolescente Jennifer Menezes de Oliveira, de 13 anos, que desapareceu na madrugada deste domingo (28), j\u00e1 foi encontrada.<\/p>\n\n\n\n<p>Publica\u00e7\u00f5es nas redes sociais perguntando sobre o paradeiro da jovem se multiplicaram nas \u00faltimas horas.<\/p>\n\n\n\n<p>De acordo com o pai da adolescente, Jennifer foi encontrada na cidade do Rio de Janeiro, resgatada por parentes e j\u00e1 est\u00e1<br>retornando para Itaipua\u00e7u.<\/p>\n\n\n\n<p>Ela fugiu por volta das 3h e foi agrada por c\u00e2meras de seguran\u00e7a da vizinhan\u00e7a.<\/p>\n\n\n\n<p>Acreditamos que algu\u00e9m influenciou ela pela internet. Monitoramos o celular dela, mas ela usou o aparelho da av\u00f3, tanto que, na fuga, levou o telefone da minha m\u00e3e\u201d, comentou Deividson, pai da Adolescente.<\/p>\n\n\n\n<p>Para Deividson, n\u00e3o houve nenhum fato que motivasse a fuga. \u201cA gente trata ela muito bem, n\u00e3o tem motivo para essa fuga. Ela \u00e9 at\u00e9 muito \u2018grudada\u2019 comigo, estamos todos sem entender o que pode ter acontecido\u201d, concluiu.<\/p>\n\n\n\n<p>A fam\u00edlia agradece o empenho de todos em busca de informa\u00e7\u00f5es sobre o paradeiro da menina.<\/p>\n","protected":false},"excerpt":{"rendered":"<p>A adolescente Jennifer Menezes de Oliveira, de 13 anos, que desapareceu na madrugada deste domingo (28), j\u00e1 foi encontrada. Publica\u00e7\u00f5es<\/p>\n","protected":false},"author":1,"featured_media":11692,"comment_status":"open","ping_status":"open","sticky":false,"template":"","format":"standard","meta":{"colormag_page_container_layout":"default_layout","colormag_page_sidebar_layout":"default_layout","footnotes":""},"categories":[1],"tags":[],"class_list":["post-11691","post","type-post","status-publish","format-standard","has-post-thumbnail","hentry","category-noticias"],"amp_enabled":true,"_links":{"self":[{"href":"https:\/\/maricatotal.com.br\/site\/wp-json\/wp\/v2\/posts\/11691","targetHints":{"allow":["GET"]}}],"collection":[{"href":"https:\/\/maricatotal.com.br\/site\/wp-json\/wp\/v2\/posts"}],"about":[{"href":"https:\/\/maricatotal.com.br\/site\/wp-json\/wp\/v2\/types\/post"}],"author":[{"embeddable":true,"href":"https:\/\/maricatotal.com.br\/site\/wp-json\/wp\/v2\/users\/1"}],"replies":[{"embeddable":true,"href":"https:\/\/maricatotal.com.br\/site\/wp-json\/wp\/v2\/comments?post=11691"}],"version-history":[{"count":0,"href":"https:\/\/maricatotal.com.br\/site\/wp-json\/wp\/v2\/posts\/11691\/revisions"}],"wp:featuredmedia":[{"embeddable":true,"href":"https:\/\/maricatotal.com.br\/site\/wp-json\/wp\/v2\/media\/11692"}],"wp:attachment":[{"href":"https:\/\/maricatotal.com.br\/site\/wp-json\/wp\/v2\/media?parent=11691"}],"wp:term":[{"taxonomy":"category","embeddable":true,"href":"https:\/\/maricatotal.com.br\/site\/wp-json\/wp\/v2\/categories?post=11691"},{"taxonomy":"post_tag","embeddable":true,"href":"https:\/\/maricatotal.com.br\/site\/wp-json\/wp\/v2\/tags?post=11691"}],"curies":[{"name":"wp","href":"https:\/\/api.w.org\/{rel}","templated":true}]}}