{"id":11828,"date":"2020-07-01T07:42:42","date_gmt":"2020-07-01T10:42:42","guid":{"rendered":"http:\/\/maricatotal.com.br\/site\/?p=11828"},"modified":"2020-07-01T07:42:44","modified_gmt":"2020-07-01T10:42:44","slug":"homem-com-faca-assalta-mulher-no-vermelinho","status":"publish","type":"post","link":"https:\/\/maricatotal.com.br\/site\/2020\/07\/01\/homem-com-faca-assalta-mulher-no-vermelinho\/","title":{"rendered":"HOMEM COM FACA ASSALTA MULHER  NO VERMELINHO"},"content":{"rendered":"\n<p>Um mulher foi assaltada por uma homem com uma faca, no &#8216;Vermelinho&#8217; da linha Cordeirinho x Ponta Negra, na noite da \u00faltima segunda-feira (29).<\/p>\n\n\n\n<p>Segundo informa\u00e7\u00f5es, o meliante se aproximou da mulher e sacou a faca, anunciando o assalto, roubando seu celular. Em seguida, o criminoso mandou a v\u00edtima descer um ponto antes do ponto final do \u00f4nibus, amea\u00e7ando esfaque\u00e1-la.<\/p>\n\n\n\n<p>A mulher desceu e o meliante seguiu at\u00e9 o ponto final. O criminoso estava de casaco cinza, bon\u00e9 vermelho e m\u00e1scara preta.<\/p>\n\n\n\n<p>A Pol\u00edcia Militar busca por informa\u00e7\u00f5es do crime. O caso foi registrado na  82\u00aa DP (Maric\u00e1).<\/p>\n","protected":false},"excerpt":{"rendered":"<p>Um mulher foi assaltada por uma homem com uma faca, no &#8216;Vermelinho&#8217; da linha Cordeirinho x Ponta Negra, na noite<\/p>\n","protected":false},"author":1,"featured_media":11613,"comment_status":"open","ping_status":"open","sticky":false,"template":"","format":"standard","meta":{"colormag_page_container_layout":"default_layout","colormag_page_sidebar_layout":"default_layout","footnotes":""},"categories":[1],"tags":[],"class_list":["post-11828","post","type-post","status-publish","format-standard","has-post-thumbnail","hentry","category-noticias"],"amp_enabled":true,"_links":{"self":[{"href":"https:\/\/maricatotal.com.br\/site\/wp-json\/wp\/v2\/posts\/11828","targetHints":{"allow":["GET"]}}],"collection":[{"href":"https:\/\/maricatotal.com.br\/site\/wp-json\/wp\/v2\/posts"}],"about":[{"href":"https:\/\/maricatotal.com.br\/site\/wp-json\/wp\/v2\/types\/post"}],"author":[{"embeddable":true,"href":"https:\/\/maricatotal.com.br\/site\/wp-json\/wp\/v2\/users\/1"}],"replies":[{"embeddable":true,"href":"https:\/\/maricatotal.com.br\/site\/wp-json\/wp\/v2\/comments?post=11828"}],"version-history":[{"count":0,"href":"https:\/\/maricatotal.com.br\/site\/wp-json\/wp\/v2\/posts\/11828\/revisions"}],"wp:featuredmedia":[{"embeddable":true,"href":"https:\/\/maricatotal.com.br\/site\/wp-json\/wp\/v2\/media\/11613"}],"wp:attachment":[{"href":"https:\/\/maricatotal.com.br\/site\/wp-json\/wp\/v2\/media?parent=11828"}],"wp:term":[{"taxonomy":"category","embeddable":true,"href":"https:\/\/maricatotal.com.br\/site\/wp-json\/wp\/v2\/categories?post=11828"},{"taxonomy":"post_tag","embeddable":true,"href":"https:\/\/maricatotal.com.br\/site\/wp-json\/wp\/v2\/tags?post=11828"}],"curies":[{"name":"wp","href":"https:\/\/api.w.org\/{rel}","templated":true}]}}