{"id":11966,"date":"2020-07-04T08:04:43","date_gmt":"2020-07-04T11:04:43","guid":{"rendered":"http:\/\/maricatotal.com.br\/site\/?p=11966"},"modified":"2020-07-04T08:04:44","modified_gmt":"2020-07-04T11:04:44","slug":"programa-de-suporte-economico-tem-freado-a-queda-nos-postos-de-trabalho-no-municipio","status":"publish","type":"post","link":"https:\/\/maricatotal.com.br\/site\/2020\/07\/04\/programa-de-suporte-economico-tem-freado-a-queda-nos-postos-de-trabalho-no-municipio\/","title":{"rendered":"PROGRAMA DE SUPORTE ECON\u00d4MICO TEM FREADO A QUEDA NOS POSTOS DE TRABALHO NO MUNIC\u00cdPIO"},"content":{"rendered":"\n<p>No quarto m\u00eas de enfrentamento \u00e0 pandemia da Covid-19, a restri\u00e7\u00e3o na circula\u00e7\u00e3o de pessoas em determinados locais, principalmente em estabelecimentos comerciais n\u00e3o essenciais, tem provocado uma redu\u00e7\u00e3o na economia e, como consequ\u00eancia, gerado demiss\u00f5es em todo pa\u00eds.<\/p>\n\n\n\n<p>No entanto, pelo segundo m\u00eas consecutivo, as a\u00e7\u00f5es de prote\u00e7\u00e3o econ\u00f4mica e social executadas pela Prefeitura de Maric\u00e1 no combate \u00e0 doen\u00e7a t\u00eam freado a queda dos postos formais de trabalho em Maric\u00e1, al\u00e9m de criar novas oportunidades de trabalho. A cidade. com isso, vem sendo um ponto fora da curva dentro da crise causada pela pandemia.<\/p>\n\n\n\n<p>De acordo com levantamento feito pelo Cadastro Geral de Empregados e Desempregados (Caged), referente ao m\u00eas de maio e divulgado no \u00faltimo dia 30\/06 pelo Minist\u00e9rio da Economia, o munic\u00edpio de Maric\u00e1 manteve o segundo melhor saldo acumulado \u2013 de janeiro a maio \u2013 dentre os munic\u00edpios fluminenses com mais de 150 mil habitantes. A primeira posi\u00e7\u00e3o ficou com Belford Roxo, que gerou 23 novos postos de trabalho. Por\u00e9m,&nbsp;o munic\u00edpio da Baixada Fluminense, quase quatro vezes mais populoso que Maric\u00e1, tem um grau de informalidade muito mais alto.<\/p>\n\n\n\n<p>Segundo os \u00edndices, na rela\u00e7\u00e3o entre a quantidade de pessoas contratadas e demitidas, Maric\u00e1 gerou um saldo positivo de 14 empregos por carteira assinada, resultado de 276 admiss\u00f5es e 262 desligamentos no estoque total de empregos na cidade, em meio \u00e0 crise econ\u00f4mica provocada pela pandemia do novo coronav\u00edrus. Com isso, Maric\u00e1 obteve o 5\u00ba melhor resultado no Estado do Rio de Janeiro, ficando atr\u00e1s apenas dos munic\u00edpios de S\u00e3o Jos\u00e9 do Vale do Rio Preto, Serop\u00e9dica e S\u00e3o Francisco de Itabapoana, todos com menos de 150 mil habitantes, e Belford Roxo.<\/p>\n\n\n\n<p>\u201cO pacote econ\u00f4mico que produzimos para prote\u00e7\u00e3o \u00e0 economia local tem seus efeitos comprovados a partir dos resultados que j\u00e1 come\u00e7amos a obter. Os n\u00fameros registrados pelo Minist\u00e9rio da Economia referentes ao Caged, demonstram que mesmo com a forte pol\u00edtica de isolamento social, Maric\u00e1 est\u00e1 conseguindo manter a estabilidade no emprego e prote\u00e7\u00e3o aos trabalhadores informais\u201d, avaliou o secret\u00e1rio de Desenvolvimento Econ\u00f4mico, Com\u00e9rcio, Ind\u00fastria, Petr\u00f3leo e Portos, Magnum Amado, referindo-se \u00e0s a\u00e7\u00f5es de prote\u00e7\u00e3o econ\u00f4mica como o Programa de Amparo ao Trabalhador (PAT) e o Programa de Amparo ao Emprego (PAE).<\/p>\n\n\n\n<p>Neste \u00faltimo, o munic\u00edpio concede o pagamento de um sal\u00e1rio m\u00ednimo (R$ 1.045), durante o per\u00edodo de tr\u00eas meses, ao empregado vinculado a microempreendedor individual (MEIs) e a trabalhadores de micro e pequenas empresas instaladas na cidade com at\u00e9 49 funcion\u00e1rios. Ao todo foram 266 empresas aprovadas pelo programa que vai proteger 2.183 empregos formais.<\/p>\n\n\n\n<p>O documento do governo federal aponta que no m\u00eas de maio, o resultado no conjunto de empregos no Estado do Rio de Janeiro foi negativo com menos 35.959 vagas, o que significa uma varia\u00e7\u00e3o de menos 1,1% no estoque total de empregos celetistas. J\u00e1 com rela\u00e7\u00e3o ao acumulado dos cinco primeiros meses do ano, o Estado do Rio de Janeiro perdeu 164.226 postos de trabalho, o que significa uma varia\u00e7\u00e3o de menos 5% no estoque do emprego em todo o Estado. Enquanto isso, Maric\u00e1 teve uma perda de 78 postos, o que representa uma varia\u00e7\u00e3o de menos 0,4% do total do seu estoque.<\/p>\n\n\n\n<p>\u201cEsse saldo \u00e9 menor do que v\u00ednhamos apresentando no Caged nos \u00faltimos 24 meses. Mas, considerando o contexto de crise decorrente da pandemia, esse saldo \u00e9 positivo. Isso significa que Maric\u00e1 est\u00e1 conseguindo manter o seu estoque de empregos por carteira assinada. No comparativo com outros munic\u00edpios, a cidade acaba se destacando porque o Estado como um todo est\u00e1 perdendo muito emprego nesse contexto\u201d, analisou o gerente de Projetos do Instituto Municipal de Informa\u00e7\u00e3o e Pesquisa Darcy Ribeiro (IDR), Diego Moreira Maggi.<\/p>\n\n\n\n<p>Comprovando a resili\u00eancia do munic\u00edpio em manter e gerar novos empregos atrav\u00e9s dos programas implementados pela Prefeitura, o cozinheiro Amauri Ferreira dos Santos, de 51 anos, conseguiu um novo trabalho em meio \u00e0 crise sanit\u00e1ria, depois de ficar dois meses desempregado.<\/p>\n\n\n\n<p>\u201cEstou muito feliz com essa nova oportunidade. Para mim, est\u00e1 sendo muito bom porque abre um leque de possibilidades na minha profiss\u00e3o. Eu saio um pouco da cozinha de restaurante em e entro na de pizzaria. Estou aprendendo uma profiss\u00e3o nova\u201d, comentou o cozinheiro que agora trabalhar\u00e1 em uma pizzaria no centro da cidade.<\/p>\n\n\n\n<p>Assim como Amauri dos Santos, a balconista de latic\u00ednios Carolina Pinheiro da Costa, de 19 anos, tamb\u00e9m ganhou uma nova oportunidade nesse per\u00edodo em que muitos est\u00e3o perdendo emprego. \u201cConseguir um novo trabalho \u00e9 muito satisfat\u00f3rio. Ficar desempregada \u00e9 muito ruim ainda mais com um filho de tr\u00eas anos para criar porque as necessidades v\u00e3o aparecendo e o desespero vai batendo. Foi uma oportunidade muito boa de ter come\u00e7ado a trabalhar aqui\u201d, relatou a nova funcion\u00e1ria de um mercado no bairro Flamengo.<\/p>\n\n\n\n<p>No \u00e2mbito nacional, o Caged indica que o pa\u00eds perdeu 331.905 empregos por carteira assinada somente no m\u00eas de maio. No acumulado de janeiro a maio, a perda chega 1.144.875 vagas, ou menos 2,9% do estoque brasileiro de empregos celetistas. At\u00e9 este momento, o pior m\u00eas foi abril, quando o saldo foi de menos 902.841 vagas.<\/p>\n","protected":false},"excerpt":{"rendered":"<p>No quarto m\u00eas de enfrentamento \u00e0 pandemia da Covid-19, a restri\u00e7\u00e3o na circula\u00e7\u00e3o de pessoas em determinados locais, principalmente em<\/p>\n","protected":false},"author":1,"featured_media":11967,"comment_status":"open","ping_status":"open","sticky":false,"template":"","format":"standard","meta":{"colormag_page_container_layout":"default_layout","colormag_page_sidebar_layout":"default_layout","footnotes":""},"categories":[18],"tags":[],"class_list":["post-11966","post","type-post","status-publish","format-standard","has-post-thumbnail","hentry","category-entretenimento"],"amp_enabled":true,"_links":{"self":[{"href":"https:\/\/maricatotal.com.br\/site\/wp-json\/wp\/v2\/posts\/11966","targetHints":{"allow":["GET"]}}],"collection":[{"href":"https:\/\/maricatotal.com.br\/site\/wp-json\/wp\/v2\/posts"}],"about":[{"href":"https:\/\/maricatotal.com.br\/site\/wp-json\/wp\/v2\/types\/post"}],"author":[{"embeddable":true,"href":"https:\/\/maricatotal.com.br\/site\/wp-json\/wp\/v2\/users\/1"}],"replies":[{"embeddable":true,"href":"https:\/\/maricatotal.com.br\/site\/wp-json\/wp\/v2\/comments?post=11966"}],"version-history":[{"count":0,"href":"https:\/\/maricatotal.com.br\/site\/wp-json\/wp\/v2\/posts\/11966\/revisions"}],"wp:featuredmedia":[{"embeddable":true,"href":"https:\/\/maricatotal.com.br\/site\/wp-json\/wp\/v2\/media\/11967"}],"wp:attachment":[{"href":"https:\/\/maricatotal.com.br\/site\/wp-json\/wp\/v2\/media?parent=11966"}],"wp:term":[{"taxonomy":"category","embeddable":true,"href":"https:\/\/maricatotal.com.br\/site\/wp-json\/wp\/v2\/categories?post=11966"},{"taxonomy":"post_tag","embeddable":true,"href":"https:\/\/maricatotal.com.br\/site\/wp-json\/wp\/v2\/tags?post=11966"}],"curies":[{"name":"wp","href":"https:\/\/api.w.org\/{rel}","templated":true}]}}