{"id":11969,"date":"2020-07-04T12:04:41","date_gmt":"2020-07-04T15:04:41","guid":{"rendered":"http:\/\/maricatotal.com.br\/site\/?p=11969"},"modified":"2020-07-04T12:06:23","modified_gmt":"2020-07-04T15:06:23","slug":"loja-oficial-do-marica-f-c-sera-inaugurada-em-agosto","status":"publish","type":"post","link":"https:\/\/maricatotal.com.br\/site\/2020\/07\/04\/loja-oficial-do-marica-f-c-sera-inaugurada-em-agosto\/","title":{"rendered":"LOJA OFICIAL DO MARIC\u00c1 F.C. SER\u00c1 INAUGURADA EM AGOSTO"},"content":{"rendered":"\n<p>A loja oficial do Maric\u00e1 Futebol Clube ser\u00e1 inaugurada no in\u00edcio de agosto. A informa\u00e7\u00e3o foi confirmada pelo Diretor da equipe, Douglas Oliveira.<\/p>\n\n\n\n<p>O espa\u00e7o fica na R. \u00c1lvares de Castro, e ir\u00e1 vender produtos oficiais do clube, cerveja e tamb\u00e9m exibir jogos da equipe em tr\u00eas televis\u00f5es ao vivo. <\/p>\n\n\n\n<p>O time aguarda uma decis\u00e3o da Federa\u00e7\u00e3o de Futebol do Estado do Rio de Janeiro (FERJ), onde prev\u00ea a volta de jogos oficiais para o m\u00eas de setembro.<\/p>\n\n\n\n<p>Em 2020, o Maric\u00e1 vai atuar pela primeira vez no Campeonato Carioca S\u00e9rie B1, visando o acesso para a S\u00e9rie A. <\/p>\n","protected":false},"excerpt":{"rendered":"<p>A loja oficial do Maric\u00e1 Futebol Clube ser\u00e1 inaugurada no in\u00edcio de agosto. A informa\u00e7\u00e3o foi confirmada pelo Diretor da<\/p>\n","protected":false},"author":1,"featured_media":11974,"comment_status":"open","ping_status":"open","sticky":false,"template":"","format":"standard","meta":{"colormag_page_container_layout":"default_layout","colormag_page_sidebar_layout":"default_layout","footnotes":""},"categories":[15],"tags":[],"class_list":["post-11969","post","type-post","status-publish","format-standard","has-post-thumbnail","hentry","category-esporte"],"amp_enabled":true,"_links":{"self":[{"href":"https:\/\/maricatotal.com.br\/site\/wp-json\/wp\/v2\/posts\/11969","targetHints":{"allow":["GET"]}}],"collection":[{"href":"https:\/\/maricatotal.com.br\/site\/wp-json\/wp\/v2\/posts"}],"about":[{"href":"https:\/\/maricatotal.com.br\/site\/wp-json\/wp\/v2\/types\/post"}],"author":[{"embeddable":true,"href":"https:\/\/maricatotal.com.br\/site\/wp-json\/wp\/v2\/users\/1"}],"replies":[{"embeddable":true,"href":"https:\/\/maricatotal.com.br\/site\/wp-json\/wp\/v2\/comments?post=11969"}],"version-history":[{"count":0,"href":"https:\/\/maricatotal.com.br\/site\/wp-json\/wp\/v2\/posts\/11969\/revisions"}],"wp:featuredmedia":[{"embeddable":true,"href":"https:\/\/maricatotal.com.br\/site\/wp-json\/wp\/v2\/media\/11974"}],"wp:attachment":[{"href":"https:\/\/maricatotal.com.br\/site\/wp-json\/wp\/v2\/media?parent=11969"}],"wp:term":[{"taxonomy":"category","embeddable":true,"href":"https:\/\/maricatotal.com.br\/site\/wp-json\/wp\/v2\/categories?post=11969"},{"taxonomy":"post_tag","embeddable":true,"href":"https:\/\/maricatotal.com.br\/site\/wp-json\/wp\/v2\/tags?post=11969"}],"curies":[{"name":"wp","href":"https:\/\/api.w.org\/{rel}","templated":true}]}}