{"id":11995,"date":"2020-07-04T17:47:02","date_gmt":"2020-07-04T20:47:02","guid":{"rendered":"http:\/\/maricatotal.com.br\/site\/?p=11995"},"modified":"2020-07-04T17:47:04","modified_gmt":"2020-07-04T20:47:04","slug":"prefeitura-entrega-campus-de-educacao-para-1300-alunos-no-centro","status":"publish","type":"post","link":"https:\/\/maricatotal.com.br\/site\/2020\/07\/04\/prefeitura-entrega-campus-de-educacao-para-1300-alunos-no-centro\/","title":{"rendered":"PREFEITURA ENTREGA CAMPUS DE EDUCA\u00c7\u00c3O PARA 1300 ALUNOS NO CENTRO"},"content":{"rendered":"\n<p>A Prefeitura de Maric\u00e1 inaugurou na tarde desta sexta-feira (03\/07) o&nbsp;Campus de Educa\u00e7\u00e3o P\u00fablica Transformadora&nbsp;(CEPT) Prof Zilca Lopes da Fontoura. Durante a solenidade, o prefeito Fabiano Horta fez quest\u00e3o de lembrar que no passado, a antiga escola particular que funcionava no local atendia apenas 100 estudantes.<\/p>\n\n\n\n<p>\u201cOs recursos dos royalties v\u00e3o virando ac\u00famulo de saber e tornando essa escola que era privada e aglutinava um n\u00famero limitado de alunos, numa unidade que vai atender 1300 alunos em tempo integral aqui no Centro\u201d, declarou o prefeito.<\/p>\n\n\n\n<p>\u201cIsso vai representar para n\u00f3s, um sonho n\u00e3o mais de maneira restrita e limitada a alguns, mas que d\u00e1 a oportunidade a todos\u201d, completou Fabiano Horta, que tamb\u00e9m fez quest\u00e3o de falar sobre a utiliza\u00e7\u00e3o da Arena Centro.&nbsp;\u201cEsse um aparelho da escola que vai aglutinar a natureza do tempo integral, das atividades culturais e esportivas aqui e da piscina, mas tamb\u00e9m vai funcionar nos projetos esportivos como a gente tem por exemplo na Arena Flamengo\u201d, concluiu o prefeito.<\/p>\n\n\n\n<p>\u201cEu tamb\u00e9m fui aluna aqui do Cenecista exatamente h\u00e1 40 anos atr\u00e1s, estava gr\u00e1vida e trabalhava como faxineira. Eu tinha uma bolsa integral porque na \u00e9poca n\u00e3o existia uma escola p\u00fablica, aqui eu me formei professora. Mas essa escola que era para poucos agora \u00e9 para voc\u00eas, jovens da periferia. O CEPT \u00e9 um sonho da prefeitura desde 2009 porque atrav\u00e9s da educa\u00e7\u00e3o a gente transforma vidas assim como a minha foi transformada\u201d, lembrou a secret\u00e1ria de Educa\u00e7\u00e3o, Adriana Lu\u00edsa da Costa.<\/p>\n\n\n\n<p>\u201cEsse CEPT \u00e9 o futuro. Juntos construiremos uma nova hist\u00f3ria, construiremos o futuro da nossa escola\u201d, avaliou a diretora da unidade, Simone Maldonado.<\/p>\n\n\n\n<p>Familiares da homenageada tamb\u00e9m estiveram presentes. \u201cComo maricaense, ex-aluna e por fazer parte da fam\u00edlia Fontoura, sou muito grata por voc\u00eas terem escolhido o nome de tia Zilca como patrona dessa unidade. Ela merece todo o nosso respeito por uma vida dedicada \u00e0 educa\u00e7\u00e3o do munic\u00edpio e por tudo que construiu em prol dos alunos com muita aptid\u00e3o, lealdade e amor. Falar dela para mim \u00e9 uma emo\u00e7\u00e3o\u201d, declarou Maria Josefina Fontoura.<\/p>\n\n\n\n<p>\u201cZilca foi uma pessoa maravilhosa para mim, uma m\u00e3e. Ela era minha madrinha de crisma, se dedicava muito a mim e eu \u00e0 ela. Eu tomava conta dela na casa dela. Muitas m\u00e3es por a\u00ed, n\u00e3o fariam tudo que ela fez por mim\u201d, contou saudosa Maria Antonia Ribeiro.&nbsp;<\/p>\n\n\n\n<p>O pr\u00e9dio, onde funcionava o Col\u00e9gio Cenecista, passou por uma revitaliza\u00e7\u00e3o geral que incluiu a reforma do telhado e de todas as salas de aula. Tamb\u00e9m foi necess\u00e1rio realizar a reforma da piscina semi ol\u00edmpica, da arquibancada e do gradil e incluir novo paisagismo; parqueamento da frente do pr\u00e9dio com estudo de fachada, paisagismo e ilumina\u00e7\u00e3o; parqueamento central, al\u00e9m da constru\u00e7\u00e3o de refeit\u00f3rio, cozinha, dispensa e da \u00e1rea da frente de integra\u00e7\u00e3o da escola com o espa\u00e7o externo.<\/p>\n\n\n\n<p>O prefeito Fabiano Horta tamb\u00e9m inaugurou a quadra de esportes renovada, que ser\u00e1 compartilhada entre a escola e as atividades esportivas.&nbsp;Na quadra poliesportiva L\u00facio Thom\u00e9 Feteira as interven\u00e7\u00f5es incluem a pintura externa, recupera\u00e7\u00e3o do piso e pintura da arquibancada. Renomeado como Arena Centro, o espa\u00e7o tamb\u00e9m vai ser utilizado para projetos abertos \u00e0 comunidade, numa parceria com a Secretaria de Esporte e Lazer.<\/p>\n","protected":false},"excerpt":{"rendered":"<p>A Prefeitura de Maric\u00e1 inaugurou na tarde desta sexta-feira (03\/07) o&nbsp;Campus de Educa\u00e7\u00e3o P\u00fablica Transformadora&nbsp;(CEPT) Prof Zilca Lopes da Fontoura.<\/p>\n","protected":false},"author":1,"featured_media":11996,"comment_status":"open","ping_status":"open","sticky":false,"template":"","format":"standard","meta":{"colormag_page_container_layout":"default_layout","colormag_page_sidebar_layout":"default_layout","footnotes":""},"categories":[18],"tags":[],"class_list":["post-11995","post","type-post","status-publish","format-standard","has-post-thumbnail","hentry","category-entretenimento"],"amp_enabled":true,"_links":{"self":[{"href":"https:\/\/maricatotal.com.br\/site\/wp-json\/wp\/v2\/posts\/11995","targetHints":{"allow":["GET"]}}],"collection":[{"href":"https:\/\/maricatotal.com.br\/site\/wp-json\/wp\/v2\/posts"}],"about":[{"href":"https:\/\/maricatotal.com.br\/site\/wp-json\/wp\/v2\/types\/post"}],"author":[{"embeddable":true,"href":"https:\/\/maricatotal.com.br\/site\/wp-json\/wp\/v2\/users\/1"}],"replies":[{"embeddable":true,"href":"https:\/\/maricatotal.com.br\/site\/wp-json\/wp\/v2\/comments?post=11995"}],"version-history":[{"count":0,"href":"https:\/\/maricatotal.com.br\/site\/wp-json\/wp\/v2\/posts\/11995\/revisions"}],"wp:featuredmedia":[{"embeddable":true,"href":"https:\/\/maricatotal.com.br\/site\/wp-json\/wp\/v2\/media\/11996"}],"wp:attachment":[{"href":"https:\/\/maricatotal.com.br\/site\/wp-json\/wp\/v2\/media?parent=11995"}],"wp:term":[{"taxonomy":"category","embeddable":true,"href":"https:\/\/maricatotal.com.br\/site\/wp-json\/wp\/v2\/categories?post=11995"},{"taxonomy":"post_tag","embeddable":true,"href":"https:\/\/maricatotal.com.br\/site\/wp-json\/wp\/v2\/tags?post=11995"}],"curies":[{"name":"wp","href":"https:\/\/api.w.org\/{rel}","templated":true}]}}