{"id":1200,"date":"2019-05-22T09:39:50","date_gmt":"2019-05-22T12:39:50","guid":{"rendered":"http:\/\/maricatotal.com.br\/site\/?p=1200"},"modified":"2019-05-22T09:39:50","modified_gmt":"2019-05-22T12:39:50","slug":"gabriela-rocha-e-davi-sacer-sao-as-principais-atracoes-do-dia-do-evangelico-em-marica","status":"publish","type":"post","link":"https:\/\/maricatotal.com.br\/site\/2019\/05\/22\/gabriela-rocha-e-davi-sacer-sao-as-principais-atracoes-do-dia-do-evangelico-em-marica\/","title":{"rendered":"GABRIELA ROCHA E DAVI SACER S\u00c3O AS PRINCIPAIS ATRA\u00c7\u00d5ES DO DIA DO EVANG\u00c9LICO EM MARIC\u00c1"},"content":{"rendered":"\n<p>Duas refer\u00eancias da m\u00fasica gospel do pa\u00eds, Gabriela Rocha e Davi Sacer, s\u00e3o as atra\u00e7\u00f5es do \u201cMaric\u00e1 Pra Cristo\u201d que ser\u00e1 realizado no pr\u00f3ximo s\u00e1bado (25\/05), data na qual se comemora o Dia Municipal do Evang\u00e9lico e integra a programa\u00e7\u00e3o dos 205 anos de emancipa\u00e7\u00e3o pol\u00edtico administrativa do munic\u00edpio.<\/p>\n\n\n\n<p>Realizados na Pra\u00e7a Orlando de Barros Pimentel, os shows ter\u00e3o in\u00edcio a partir das 19h, com apresenta\u00e7\u00f5es de cantores locais Ana Paula Marinho, Priscila Ribeiro e Jaciara e do DJ Maicon Night. O evento \u00e9 gratuito organizado pela Prefeitura, com apoio da Coordenadoria de Assuntos Religiosos.<\/p>\n\n\n\n<p>De manh\u00e3 \u00e0s 9h, a Associa\u00e7\u00e3o de Ministros Evang\u00e9licos de Maric\u00e1 (AME) realiza o tradicional caf\u00e9 da manh\u00e3 na Igreja Evang\u00e9lica Congregacional do Centro (Rua \u00c1lvares de Castro, 374) para pastores e l\u00edderes religiosos. Na ocasi\u00e3o, s\u00e3o eleitos os membros da diretoria da Associa\u00e7\u00e3o dos Ministros Evang\u00e9licos (AME).<\/p>\n\n\n\n<p>O coordenador de Assuntos Religiosos, pastor Oliver Costa Goiano, ressaltou a import\u00e2ncia da data para o munic\u00edpio. \u201cIndependente de religi\u00e3o \u00e9 um momento de celebrarmos a f\u00e9, o amor, a toler\u00e2ncia e o respeito ao pr\u00f3ximo. Fico muito feliz de estar pela primeira vez \u00e0 frente dessa festa. \u00c9 um dia de proclamarmos o respeito ao estado laico\u201d, declarou.<\/p>\n\n\n\n<p><strong>Shows<\/strong><\/p>\n\n\n\n<p>Pela primeira vez em Maric\u00e1, Gabriela Rocha lan\u00e7ou seu primeiro CD, de nome \u201cJesus\u201d, em 2012, com sucessos como \u201cEst\u00e1s Comigo\u201d e \u201cCreio que Tu \u00e9s a Cura\u201d. Gabriela possui canal no YouTube possui mais de 1 bilh\u00e3o de visualiza\u00e7\u00f5es, e mais de 4,1 milh\u00f5es de inscritos, sendo o maior de um cantor gospel no mundo.<\/p>\n\n\n\n<p>Davi Sacer \u00e9 um dos maiores expoentes do segmento gospel. O cantor \u00e9 sucesso em mais de 66 pa\u00edses, com mais de quatro milh\u00f5es de discos vendidos. Sacer se apresentou na cidade em 2013 empolgando o p\u00fablico ao relembrar seus maiores sucessos: \u201cPor todo lado\u201d, \u201cVirada\u201d, \u201cDeus do imposs\u00edvel\u201d, \u201cTua gra\u00e7a me basta\u201d, \u201cTu \u00e9s\u201d, \u201cMarca da Promessa\u201d e \u201cRestitui\u201d.<\/p>\n","protected":false},"excerpt":{"rendered":"<p>Duas refer\u00eancias da m\u00fasica gospel do pa\u00eds, Gabriela Rocha e Davi Sacer, s\u00e3o as atra\u00e7\u00f5es do \u201cMaric\u00e1 Pra Cristo\u201d que<\/p>\n","protected":false},"author":1,"featured_media":1201,"comment_status":"closed","ping_status":"closed","sticky":false,"template":"","format":"standard","meta":{"colormag_page_container_layout":"default_layout","colormag_page_sidebar_layout":"default_layout","footnotes":""},"categories":[18],"tags":[],"class_list":["post-1200","post","type-post","status-publish","format-standard","has-post-thumbnail","hentry","category-entretenimento"],"amp_enabled":true,"_links":{"self":[{"href":"https:\/\/maricatotal.com.br\/site\/wp-json\/wp\/v2\/posts\/1200","targetHints":{"allow":["GET"]}}],"collection":[{"href":"https:\/\/maricatotal.com.br\/site\/wp-json\/wp\/v2\/posts"}],"about":[{"href":"https:\/\/maricatotal.com.br\/site\/wp-json\/wp\/v2\/types\/post"}],"author":[{"embeddable":true,"href":"https:\/\/maricatotal.com.br\/site\/wp-json\/wp\/v2\/users\/1"}],"replies":[{"embeddable":true,"href":"https:\/\/maricatotal.com.br\/site\/wp-json\/wp\/v2\/comments?post=1200"}],"version-history":[{"count":0,"href":"https:\/\/maricatotal.com.br\/site\/wp-json\/wp\/v2\/posts\/1200\/revisions"}],"wp:featuredmedia":[{"embeddable":true,"href":"https:\/\/maricatotal.com.br\/site\/wp-json\/wp\/v2\/media\/1201"}],"wp:attachment":[{"href":"https:\/\/maricatotal.com.br\/site\/wp-json\/wp\/v2\/media?parent=1200"}],"wp:term":[{"taxonomy":"category","embeddable":true,"href":"https:\/\/maricatotal.com.br\/site\/wp-json\/wp\/v2\/categories?post=1200"},{"taxonomy":"post_tag","embeddable":true,"href":"https:\/\/maricatotal.com.br\/site\/wp-json\/wp\/v2\/tags?post=1200"}],"curies":[{"name":"wp","href":"https:\/\/api.w.org\/{rel}","templated":true}]}}