{"id":12340,"date":"2020-07-14T20:29:50","date_gmt":"2020-07-14T23:29:50","guid":{"rendered":"http:\/\/maricatotal.com.br\/site\/?p=12340"},"modified":"2020-07-14T20:59:11","modified_gmt":"2020-07-14T23:59:11","slug":"novo-polo-de-atendimento-comeca-a-funcionar-em-sao-jose-do-imbassai","status":"publish","type":"post","link":"https:\/\/maricatotal.com.br\/site\/2020\/07\/14\/novo-polo-de-atendimento-comeca-a-funcionar-em-sao-jose-do-imbassai\/","title":{"rendered":"NOVO POLO DE ATENDIMENTO COME\u00c7A A FUNCIONAR EM S\u00c3O JOS\u00c9 DO IMBASSA\u00cd"},"content":{"rendered":"\n<p>O novo polo de triagem e atendimento para Covid-19 instalado em S\u00e3o Jos\u00e9 do Imbassa\u00ed come\u00e7ou a funcionar nesta ter\u00e7a-feira (14\/07). A estrutura tem capacidade para atendimento de cerca de 200 pessoas por dia. Montada na Arena S\u00e3o Jos\u00e9, faz parte da estrat\u00e9gia de conten\u00e7\u00e3o do cont\u00e1gio do novo coronav\u00edrus, pois ficou constatado o aumento dos casos confirmados para Covid-19 no bairro. Seu funcionamento \u00e9 igual ao dos demais polos: de segunda a segunda, de 8h \u00e0s 20h.<\/p>\n\n\n\n<p>O novo polo realiza testes r\u00e1pidos (uma gota de sangue) e swab (cotonetes na narina e na garganta coletam material) para detec\u00e7\u00e3o de Covid-19 nas pessoas sintom\u00e1ticas, de acordo com a avalia\u00e7\u00e3o das equipes que atendem no local. At\u00e9 o momento foram atendidos, em todos os polos de triagem (Centro, Itaipua\u00e7u e Ponta Negra, este desativado) 4757 pessoas, de 1\u00ba de junho a 12 de julho, sendo 356 positivos. E foram feitos 4369 testes.<\/p>\n\n\n\n<p>\u201cVamos fazer sempre o que estiver ao nosso alcance para acompanhar a evolu\u00e7\u00e3o da pandemia. Embora muitas cidades do estado e do pa\u00eds estejam flexibilizando o isolamento, precisamos lembrar que ainda n\u00e3o acabou. Seguimos por aqui com as precau\u00e7\u00f5es necess\u00e1rias e evitando aglomera\u00e7\u00f5es\u201d, comenta a secret\u00e1ria de Sa\u00fade, Simone Costa e Silva, reiterando o cuidado com as equipes que atuam nos polos.<\/p>\n\n\n\n<p>A aposentada Neuza Azevedo, de 59 anos, come\u00e7ou a sentir sintomas que associou aos da Covid-19: tosse, coriza, corpo dolorido e, como mora com o marido e seu neto, que est\u00e1 gripado, achou melhor ir ao polo em busca de atendimento.<\/p>\n\n\n\n<p>\u201cMoro em Maric\u00e1 h\u00e1 tr\u00eas anos. Antes, morava em S\u00e3o Gon\u00e7alo. A diferen\u00e7a \u00e9 enorme no atendimento prestado \u00e0 popula\u00e7\u00e3o. N\u00e3o tenho do que me queixar daqui, \u00e9 s\u00f3 satisfa\u00e7\u00e3o com rela\u00e7\u00e3o \u00e0 Sa\u00fade. Tenho psic\u00f3logo, neurologista, psiquiatra, cardiologista\u2026 Sem contar a m\u00e9dica e enfermeiras da Unidade de Sa\u00fade da Fam\u00edlia do meu bairro que s\u00e3o \u00f3timas\u201d, comenta a moradora de S\u00e3o Jos\u00e9 do Imbassa\u00ed.<\/p>\n\n\n\n<p>O coordenador de enfermagem do polo de S\u00e3o Jos\u00e9, Wellington Rodrigo, explica o passo a passo quando a pessoa chega a um polo de atendimento da cidade:<\/p>\n\n\n\n<p>\u201cPrimeiro h\u00e1 o acolhimento, com a triagem (sem febre ou com febre). Em seguida, o paciente vai para a recep\u00e7\u00e3o, para preenchimento do boletim de atendimento m\u00e9dico, passa pela enfermagem (aferi\u00e7\u00e3o de press\u00e3o, batimentos card\u00edacos) e segue para o atendimento m\u00e9dico\u201d, conta Wellington. \u201cA partir da orienta\u00e7\u00e3o m\u00e9dica, levando em conta os sintomas, \u00e9 determinado o tipo de teste que ser\u00e1 feito e se ser\u00e1 feito \u2013 swab ou teste r\u00e1pido\u201d, afirma.<\/p>\n\n\n\n<p>De acordo com o protocolo seguido pela Secretaria de Sa\u00fade, se o paciente estiver com sintomas graves, \u00e9 encaminhado para uma unidade de Sa\u00fade, e se for positivo, mas estiver se sentindo bem, com sintomas brandos ou assintom\u00e1tico, vai para casa ficar em isolamento.<\/p>\n\n\n\n<p>A an\u00e1lise epidemiol\u00f3gica que apontou a necessidade de um polo em S\u00e3o Jos\u00e9, detectou tamb\u00e9m o decr\u00e9scimo do n\u00famero de atendimentos e de casos em Ponta Negra. De acordo com a secretaria de Sa\u00fade, est\u00e1 sendo poss\u00edvel controlar os casos sintom\u00e1ticos com uma tenda externa \u00e0 Unidade de Sa\u00fade da Fam\u00edlia em Ponta Negra.<\/p>\n\n\n\n<p>A tenda tem capacidade para cerca de 30 pessoas, em m\u00e9dia, que era a quantidade de atendimentos di\u00e1rios que o polo estava recebendo. Foi montada para impedir que as pessoas que procurem atendimentos no posto de Sa\u00fade cruzem com pessoas sintom\u00e1ticas para Covid-19. Permanecem montados os polos do Centro e de Itaipua\u00e7u.<\/p>\n","protected":false},"excerpt":{"rendered":"<p>O novo polo de triagem e atendimento para Covid-19 instalado em S\u00e3o Jos\u00e9 do Imbassa\u00ed come\u00e7ou a funcionar nesta ter\u00e7a-feira<\/p>\n","protected":false},"author":1,"featured_media":12341,"comment_status":"open","ping_status":"open","sticky":false,"template":"","format":"standard","meta":{"colormag_page_container_layout":"default_layout","colormag_page_sidebar_layout":"default_layout","footnotes":""},"categories":[14],"tags":[],"class_list":["post-12340","post","type-post","status-publish","format-standard","has-post-thumbnail","hentry","category-bairros"],"amp_enabled":true,"_links":{"self":[{"href":"https:\/\/maricatotal.com.br\/site\/wp-json\/wp\/v2\/posts\/12340","targetHints":{"allow":["GET"]}}],"collection":[{"href":"https:\/\/maricatotal.com.br\/site\/wp-json\/wp\/v2\/posts"}],"about":[{"href":"https:\/\/maricatotal.com.br\/site\/wp-json\/wp\/v2\/types\/post"}],"author":[{"embeddable":true,"href":"https:\/\/maricatotal.com.br\/site\/wp-json\/wp\/v2\/users\/1"}],"replies":[{"embeddable":true,"href":"https:\/\/maricatotal.com.br\/site\/wp-json\/wp\/v2\/comments?post=12340"}],"version-history":[{"count":0,"href":"https:\/\/maricatotal.com.br\/site\/wp-json\/wp\/v2\/posts\/12340\/revisions"}],"wp:featuredmedia":[{"embeddable":true,"href":"https:\/\/maricatotal.com.br\/site\/wp-json\/wp\/v2\/media\/12341"}],"wp:attachment":[{"href":"https:\/\/maricatotal.com.br\/site\/wp-json\/wp\/v2\/media?parent=12340"}],"wp:term":[{"taxonomy":"category","embeddable":true,"href":"https:\/\/maricatotal.com.br\/site\/wp-json\/wp\/v2\/categories?post=12340"},{"taxonomy":"post_tag","embeddable":true,"href":"https:\/\/maricatotal.com.br\/site\/wp-json\/wp\/v2\/tags?post=12340"}],"curies":[{"name":"wp","href":"https:\/\/api.w.org\/{rel}","templated":true}]}}