{"id":12362,"date":"2020-07-15T10:06:02","date_gmt":"2020-07-15T13:06:02","guid":{"rendered":"http:\/\/maricatotal.com.br\/site\/?p=12362"},"modified":"2020-07-15T10:14:16","modified_gmt":"2020-07-15T13:14:16","slug":"guarda-municipal-de-marica-tem-novo-comandante","status":"publish","type":"post","link":"https:\/\/maricatotal.com.br\/site\/2020\/07\/15\/guarda-municipal-de-marica-tem-novo-comandante\/","title":{"rendered":"GUARDA MUNICIPAL DE MARIC\u00c1 TEM NOVO COMANDANTE"},"content":{"rendered":"\n<p>Luciano Moretti assume o comando da Guarda Municipal de Maric\u00e1 nesta quarta-fera (15). A troca acontece na sede da Institui\u00e7\u00e3o.<\/p>\n\n\n\n<p>O novo comandante \u00e9 Guarda Municipal a 17 anos, e j\u00e1 tinha ocupado o cargo em 2012.<\/p>\n\n\n\n<p>Segundo a Secretaria de Ordem P\u00fablica de Maric\u00e1, Carlos Eduardo da Silva ir\u00e1 assumir o cargo de subcomandante no lugar de Jean Medeiros. <\/p>\n","protected":false},"excerpt":{"rendered":"<p>Luciano Moretti assume o comando da Guarda Municipal de Maric\u00e1 nesta quarta-fera (15). A troca acontece na sede da Institui\u00e7\u00e3o.<\/p>\n","protected":false},"author":1,"featured_media":12363,"comment_status":"open","ping_status":"open","sticky":false,"template":"","format":"standard","meta":{"colormag_page_container_layout":"default_layout","colormag_page_sidebar_layout":"default_layout","footnotes":""},"categories":[1,17],"tags":[],"class_list":["post-12362","post","type-post","status-publish","format-standard","has-post-thumbnail","hentry","category-noticias","category-politica"],"amp_enabled":true,"_links":{"self":[{"href":"https:\/\/maricatotal.com.br\/site\/wp-json\/wp\/v2\/posts\/12362","targetHints":{"allow":["GET"]}}],"collection":[{"href":"https:\/\/maricatotal.com.br\/site\/wp-json\/wp\/v2\/posts"}],"about":[{"href":"https:\/\/maricatotal.com.br\/site\/wp-json\/wp\/v2\/types\/post"}],"author":[{"embeddable":true,"href":"https:\/\/maricatotal.com.br\/site\/wp-json\/wp\/v2\/users\/1"}],"replies":[{"embeddable":true,"href":"https:\/\/maricatotal.com.br\/site\/wp-json\/wp\/v2\/comments?post=12362"}],"version-history":[{"count":0,"href":"https:\/\/maricatotal.com.br\/site\/wp-json\/wp\/v2\/posts\/12362\/revisions"}],"wp:featuredmedia":[{"embeddable":true,"href":"https:\/\/maricatotal.com.br\/site\/wp-json\/wp\/v2\/media\/12363"}],"wp:attachment":[{"href":"https:\/\/maricatotal.com.br\/site\/wp-json\/wp\/v2\/media?parent=12362"}],"wp:term":[{"taxonomy":"category","embeddable":true,"href":"https:\/\/maricatotal.com.br\/site\/wp-json\/wp\/v2\/categories?post=12362"},{"taxonomy":"post_tag","embeddable":true,"href":"https:\/\/maricatotal.com.br\/site\/wp-json\/wp\/v2\/tags?post=12362"}],"curies":[{"name":"wp","href":"https:\/\/api.w.org\/{rel}","templated":true}]}}