{"id":12409,"date":"2020-07-16T11:24:39","date_gmt":"2020-07-16T14:24:39","guid":{"rendered":"http:\/\/maricatotal.com.br\/site\/?p=12409"},"modified":"2020-07-16T11:24:40","modified_gmt":"2020-07-16T14:24:40","slug":"tj-rj-mantem-processo-de-impeachment-contra-witzel","status":"publish","type":"post","link":"https:\/\/maricatotal.com.br\/site\/2020\/07\/16\/tj-rj-mantem-processo-de-impeachment-contra-witzel\/","title":{"rendered":"TJ\/RJ MANT\u00c9M PROCESSO DE IMPEACHMENT CONTRA WITZEL"},"content":{"rendered":"\n<p> Nesta quarta-feira, 15, O TJ\/RJ negou o pedido do governador do Rio de Janeiro,\u00a0<strong>Wilson Witzel<\/strong>, para suspender processo de impeachment que tramita na Alerj. Conforme alegou a defesa do governador, a Alerj praticou \u201cato ilegal e violador de garantias fundamentais\u201d. <\/p>\n\n\n\n<p>No pedido, a defesa de Witzel alega que \u00e9 compet\u00eancia exclusiva da Uni\u00e3o para legislar sobre crime de reponsabilidade e sobre processo-julgamento desse il\u00edcito, n\u00e3o havendo espa\u00e7o para a teoria dos&nbsp;<em>\u201catos interna corporis, modus in rebus\u201d.<\/em><\/p>\n\n\n\n<p>Destacou, ainda, que o suposto \u201crito\u201d adotado por meio de ato administrativo-normativo do Presidente da ALERJ, mostra-se inv\u00e1lido e denota d\u00faplice m\u00e1cula jur\u00eddica: uma inconteste inconstitucionalidade e evidente ilegalidade, al\u00e9m de ferir a s\u00famula vinculante&nbsp;<a href=\"http:\/\/www.stf.jus.br\/portal\/jurisprudencia\/menuSumario.asp?sumula=2368\" target=\"_blank\" rel=\"noreferrer noopener\">46<\/a>&nbsp;do STF, bem como afrontar a jurisprud\u00eancia da Corte Suprema. Assim, sustensou a nulidade do processo por falta de provas e motiva\u00e7\u00e3o.<\/p>\n\n\n\n<p>O desembargador Elton M. C. Leme indeferiu o mandado de seguran\u00e7a explicando que n\u00e3o vislumbrou os requisitos ensejadores do provimento liminar:<\/p>\n\n\n\n<p><em>\u201cAssim sendo, em sede de mero ju\u00edzo de cogni\u00e7\u00e3o sum\u00e1ria, por n\u00e3o vislumbrar no tr\u00e2mite do procedimento deflagrado pela parte impetrada afronta \u00e0 Constitui\u00e7\u00e3o, \u00e0 lei de reg\u00eancia e \u00e0 intelig\u00eancia dos precedentes do Supremo Tribunal Federal, n\u00e3o vislumbro, neste primeiro momento, os requisitos ensejadores do provimento liminar, nos termos do art. 7\u00ba, III, da Lei n\u00ba 12.016\/2009, raz\u00e3o pela qual indefiro a liminar postulada&#8221;.<\/em><\/p>\n\n\n\n<p>O desembargador pontuou que em uma an\u00e1lise superficial,&nbsp;<em>&#8220;parece n\u00e3o proceder a alega\u00e7\u00e3o do impetrante de aus\u00eancia de prova a lastrear o oferecimento da &#8216;den\u00fancia<\/em>&#8216;.&#8221; Para o relator,&nbsp;<em>&#8220;em an\u00e1lise ainda que breve, n\u00e3o se evidencia a alegada falta de prova e motiva\u00e7\u00e3o nos processos administrativos em quest\u00e3o a macular as garantias do devido processo legal, ampla defesa e do contradit\u00f3rio&#8221;.&nbsp;<\/em><\/p>\n\n\n\n<p><strong>Impeachment<\/strong><\/p>\n\n\n\n<p>Em junho deste ano, a Alerj deu in\u00edcio ao procedimento para apura\u00e7\u00e3o de crime de responsabilidade do governador Wilson Witzel. Ao todo, 69 dos 70 deputados votaram &#8220;sim&#8221;, e um parlamentar n\u00e3o votou &#8211; o deputado Rosenverg Reis (MDB).<\/p>\n\n\n\n<p>Witzel \u00e9 suspeito de envolvimento em fraudes na contrata\u00e7\u00e3o de equipamentos e insumos para o setor de sa\u00fade do estado. O governador nega as acusa\u00e7\u00f5es. Em sua conta no Twitter, ele divulgou um v\u00eddeo em que chama de levianas as acusa\u00e7\u00f5es: \u201c<em>N\u00e3o sou ladr\u00e3o e n\u00e3o deixarei que corruptos e ladr\u00f5es estejam no meu governo\u201d.<\/em><\/p>\n\n\n\n<p>O advogado de Witzel, Manoel Messias Peixinho, informou que a defesa estudar\u00e1 as medidas que ser\u00e3o tomadas. \u201c<em>Respeitamos e acatamos a decis\u00e3o judicial, mas continuarmos com a tese de que a Alerj n\u00e3o observou por integral o direito de defesa do Governador\u201d,<\/em>&nbsp;disse.<\/p>\n\n\n\n<ul class=\"wp-block-list\"><li>Processo: 0045844-70.2020.8.19.0000<\/li><\/ul>\n","protected":false},"excerpt":{"rendered":"<p>Nesta quarta-feira, 15, O TJ\/RJ negou o pedido do governador do Rio de Janeiro,\u00a0Wilson Witzel, para suspender processo de impeachment<\/p>\n","protected":false},"author":1,"featured_media":12410,"comment_status":"open","ping_status":"open","sticky":false,"template":"","format":"standard","meta":{"colormag_page_container_layout":"default_layout","colormag_page_sidebar_layout":"default_layout","footnotes":""},"categories":[17],"tags":[],"class_list":["post-12409","post","type-post","status-publish","format-standard","has-post-thumbnail","hentry","category-politica"],"amp_enabled":true,"_links":{"self":[{"href":"https:\/\/maricatotal.com.br\/site\/wp-json\/wp\/v2\/posts\/12409","targetHints":{"allow":["GET"]}}],"collection":[{"href":"https:\/\/maricatotal.com.br\/site\/wp-json\/wp\/v2\/posts"}],"about":[{"href":"https:\/\/maricatotal.com.br\/site\/wp-json\/wp\/v2\/types\/post"}],"author":[{"embeddable":true,"href":"https:\/\/maricatotal.com.br\/site\/wp-json\/wp\/v2\/users\/1"}],"replies":[{"embeddable":true,"href":"https:\/\/maricatotal.com.br\/site\/wp-json\/wp\/v2\/comments?post=12409"}],"version-history":[{"count":0,"href":"https:\/\/maricatotal.com.br\/site\/wp-json\/wp\/v2\/posts\/12409\/revisions"}],"wp:featuredmedia":[{"embeddable":true,"href":"https:\/\/maricatotal.com.br\/site\/wp-json\/wp\/v2\/media\/12410"}],"wp:attachment":[{"href":"https:\/\/maricatotal.com.br\/site\/wp-json\/wp\/v2\/media?parent=12409"}],"wp:term":[{"taxonomy":"category","embeddable":true,"href":"https:\/\/maricatotal.com.br\/site\/wp-json\/wp\/v2\/categories?post=12409"},{"taxonomy":"post_tag","embeddable":true,"href":"https:\/\/maricatotal.com.br\/site\/wp-json\/wp\/v2\/tags?post=12409"}],"curies":[{"name":"wp","href":"https:\/\/api.w.org\/{rel}","templated":true}]}}