{"id":1259,"date":"2019-05-23T14:36:22","date_gmt":"2019-05-23T17:36:22","guid":{"rendered":"http:\/\/maricatotal.com.br\/site\/?p=1259"},"modified":"2019-05-23T14:36:22","modified_gmt":"2019-05-23T17:36:22","slug":"premio-novos-pesquisadores-inscricoes-comeca-no-dia-24-de-maio","status":"publish","type":"post","link":"https:\/\/maricatotal.com.br\/site\/2019\/05\/23\/premio-novos-pesquisadores-inscricoes-comeca-no-dia-24-de-maio\/","title":{"rendered":"PR\u00caMIO NOVOS PESQUISADORES: INSCRI\u00c7\u00d5ES COME\u00c7A NO DIA 24 DE MAIO"},"content":{"rendered":"\n<p>No pr\u00f3ximo dia 24\/05 come\u00e7am as inscri\u00e7\u00f5es para a 3\u00aa edi\u00e7\u00e3o do Pr\u00eamio&nbsp;Novos Pesquisadores. Projeto da Prefeitura de Maric\u00e1, por meio da Secretaria de Ci\u00eancia, Tecnologia e Comunica\u00e7\u00f5es, em parceria com a Secretaria de Educa\u00e7\u00e3o e com o Instituo Federal Fluminense (IFF) \u2013 Campus Avan\u00e7ado Maric\u00e1, a iniciativa \u00e9 voltada para a produ\u00e7\u00e3o de artigos cient\u00edficos sobre o munic\u00edpio de Maric\u00e1. (<a href=\"https:\/\/www.marica.rj.gov.br\/wp-content\/uploads\/2018\/06\/Edital-Novos-Pesquisadores.pdf\">veja aqui o edital<\/a>)<\/p>\n\n\n\n<p>O Pr\u00eamio&nbsp;Novos&nbsp;Pesquisadores&nbsp;\u00e9 destinado aos alunos do Ensino Fundamental, M\u00e9dio e do sistema EJA (Educa\u00e7\u00e3o de Jovens e Adultos) das redes p\u00fablica e particular e aos profissionais da Educa\u00e7\u00e3o, intitulados de orientadores, do munic\u00edpio.<\/p>\n\n\n\n<p>\u201cEstamos muito felizes por poder realizar mais uma edi\u00e7\u00e3o do Pr\u00eamio&nbsp;Novos Pesquisadores. Essa a\u00e7\u00e3o \u00e9 de estrema import\u00e2ncia na prepara\u00e7\u00e3o da vida acad\u00eamica do estudante de Maric\u00e1\u201d, disse S\u00e9rgio Mesquita, secret\u00e1rio de Ci\u00eancia, Tecnologia e Comunica\u00e7\u00f5es.<\/p>\n\n\n\n<p>\u201cNosso munic\u00edpio segue se destacando, resistindo e indo na contram\u00e3o do que est\u00e1 acontecendo com a educa\u00e7\u00e3o do nosso pa\u00eds. \u00c9 muito importante continuar estimulando os jovens maricaenses para que eles, cada vez mais, se interessem e se desenvolvam no universo da pesquisa acad\u00eamica\u201d, frisou o secret\u00e1rio.<\/p>\n\n\n\n<p>As inscri\u00e7\u00f5es v\u00e3o at\u00e9 o dia 19 junho e dever\u00e3o ser feitas presencialmente na sede da pasta, localizada na Rua Eugenia Modesto da Silva, n\u00ba 276, no bairro Parque Eldorado. A lista com as inscri\u00e7\u00f5es deferidas e indeferidas ser\u00e1 divulgada no dia 25 de junho no site da Prefeitura e no Jornal Oficial de Maric\u00e1 (JOM).<\/p>\n\n\n\n<p>A 3\u00aa edi\u00e7\u00e3o do Pr\u00eamio&nbsp;Novos&nbsp;Pesquisadores&nbsp;tem como objetivo promover a integra\u00e7\u00e3o dos saberes no processo de ensino\/aprendizagem e suas interfaces com a constru\u00e7\u00e3o do conhecimento tendo como tema disparador o munic\u00edpio de Maric\u00e1 sob os enfoques hist\u00f3rico, ambiental, cultural, social, econ\u00f4mico e seus arranjos produtivos e sustent\u00e1veis, cient\u00edfico e tecnol\u00f3gico e suas iniciativas para a inova\u00e7\u00e3o e \u00e9tica no que se refere ao respeito aos direitos humanos.<\/p>\n\n\n\n<p>\u201cAl\u00e9m disso, todos esses trabalhos que ser\u00e3o desenvolvidos, com certeza, se tornar\u00e3o um grande legado cultural e hist\u00f3rico do munic\u00edpio de Maric\u00e1\u201d, avaliou S\u00e9rgio Mesquita.<\/p>\n\n\n\n<p>Cada estudante poder\u00e1 escrever somente um artigo que deve conter entre 8 e 12 p\u00e1ginas. Para participar, o aluno tem que apresentar o comprovante de matr\u00edcula e escolaridade, c\u00f3pia de identidade, CPF, comprovante de resid\u00eancia, termo de autoriza\u00e7\u00e3o do uso de imagem e voz do estudante, al\u00e9m do termo de autoriza\u00e7\u00e3o do respons\u00e1vel pelo estudante e do termo de autoriza\u00e7\u00e3o de cess\u00e3o de direitos autorais, que est\u00e3o dispon\u00edveis nos anexos do edital de abertura do pr\u00eamio.<\/p>\n\n\n\n<p>J\u00e1 para o professor-orientador \u00e9 necess\u00e1ria a c\u00f3pia da identidade, CPF, termo de autoriza\u00e7\u00e3o da imagem e voz e o curr\u00edculo simplificado. A documenta\u00e7\u00e3o deve ser entregue na sede da Secretaria&nbsp;de Ci\u00eancia, Tecnologia e Comunica\u00e7\u00f5es.<\/p>\n","protected":false},"excerpt":{"rendered":"<p>No pr\u00f3ximo dia 24\/05 come\u00e7am as inscri\u00e7\u00f5es para a 3\u00aa edi\u00e7\u00e3o do Pr\u00eamio&nbsp;Novos Pesquisadores. Projeto da Prefeitura de Maric\u00e1, por<\/p>\n","protected":false},"author":1,"featured_media":1260,"comment_status":"closed","ping_status":"closed","sticky":false,"template":"","format":"standard","meta":{"colormag_page_container_layout":"default_layout","colormag_page_sidebar_layout":"default_layout","footnotes":""},"categories":[18],"tags":[],"class_list":["post-1259","post","type-post","status-publish","format-standard","has-post-thumbnail","hentry","category-entretenimento"],"amp_enabled":true,"_links":{"self":[{"href":"https:\/\/maricatotal.com.br\/site\/wp-json\/wp\/v2\/posts\/1259","targetHints":{"allow":["GET"]}}],"collection":[{"href":"https:\/\/maricatotal.com.br\/site\/wp-json\/wp\/v2\/posts"}],"about":[{"href":"https:\/\/maricatotal.com.br\/site\/wp-json\/wp\/v2\/types\/post"}],"author":[{"embeddable":true,"href":"https:\/\/maricatotal.com.br\/site\/wp-json\/wp\/v2\/users\/1"}],"replies":[{"embeddable":true,"href":"https:\/\/maricatotal.com.br\/site\/wp-json\/wp\/v2\/comments?post=1259"}],"version-history":[{"count":0,"href":"https:\/\/maricatotal.com.br\/site\/wp-json\/wp\/v2\/posts\/1259\/revisions"}],"wp:featuredmedia":[{"embeddable":true,"href":"https:\/\/maricatotal.com.br\/site\/wp-json\/wp\/v2\/media\/1260"}],"wp:attachment":[{"href":"https:\/\/maricatotal.com.br\/site\/wp-json\/wp\/v2\/media?parent=1259"}],"wp:term":[{"taxonomy":"category","embeddable":true,"href":"https:\/\/maricatotal.com.br\/site\/wp-json\/wp\/v2\/categories?post=1259"},{"taxonomy":"post_tag","embeddable":true,"href":"https:\/\/maricatotal.com.br\/site\/wp-json\/wp\/v2\/tags?post=1259"}],"curies":[{"name":"wp","href":"https:\/\/api.w.org\/{rel}","templated":true}]}}