{"id":12826,"date":"2020-07-27T11:26:34","date_gmt":"2020-07-27T14:26:34","guid":{"rendered":"http:\/\/maricatotal.com.br\/site\/?p=12826"},"modified":"2020-07-27T12:26:50","modified_gmt":"2020-07-27T15:26:50","slug":"homem-fica-ferido-em-acidente-na-rj-106","status":"publish","type":"post","link":"https:\/\/maricatotal.com.br\/site\/2020\/07\/27\/homem-fica-ferido-em-acidente-na-rj-106\/","title":{"rendered":"HOMEM FICA FERIDO EM ACIDENTE NA RJ-106"},"content":{"rendered":"\n<p class=\"wp-block-paragraph\">Um homem ficou ferido ap\u00f3s um acidente entre um carro e uma motocicleta, na Rodovia Amaral Peixoto, RJ-106, no Parque Nanci, na manh\u00e3 desta segunda-feira (27).<\/p>\n\n\n\n<p class=\"wp-block-paragraph\">Segundo informa\u00e7\u00f5es, um senhor em um ve\u00edculo Kia Sportage foi atravessar a via pelo retorno, e foi atingido pela motocicleta.<\/p>\n\n\n\n<p class=\"wp-block-paragraph\">Com o impacto da batida, o condutor da moto teve diversos ferimentos pelo corpo. Bombeiros do Destacamento de Maric\u00e1 seguiram para o local e prestaram os primeiros socorros para a v\u00edtima. Em seguida, o homem foi encaminhado para o Hospital Municipal Conde Modesto Leal, no Centro.<\/p>\n\n\n\n<p class=\"wp-block-paragraph\">O tr\u00e1fego na RJ-106 segue normal. <\/p>\n","protected":false},"excerpt":{"rendered":"<p>Um homem ficou ferido ap\u00f3s um acidente entre um carro e uma motocicleta, na Rodovia Amaral Peixoto, RJ-106, no Parque<\/p>\n","protected":false},"author":1,"featured_media":12829,"comment_status":"open","ping_status":"open","sticky":false,"template":"","format":"standard","meta":{"colormag_page_container_layout":"default_layout","colormag_page_sidebar_layout":"default_layout","footnotes":""},"categories":[14],"tags":[],"class_list":["post-12826","post","type-post","status-publish","format-standard","has-post-thumbnail","hentry","category-bairros"],"amp_enabled":true,"_links":{"self":[{"href":"https:\/\/maricatotal.com.br\/site\/wp-json\/wp\/v2\/posts\/12826","targetHints":{"allow":["GET"]}}],"collection":[{"href":"https:\/\/maricatotal.com.br\/site\/wp-json\/wp\/v2\/posts"}],"about":[{"href":"https:\/\/maricatotal.com.br\/site\/wp-json\/wp\/v2\/types\/post"}],"author":[{"embeddable":true,"href":"https:\/\/maricatotal.com.br\/site\/wp-json\/wp\/v2\/users\/1"}],"replies":[{"embeddable":true,"href":"https:\/\/maricatotal.com.br\/site\/wp-json\/wp\/v2\/comments?post=12826"}],"version-history":[{"count":0,"href":"https:\/\/maricatotal.com.br\/site\/wp-json\/wp\/v2\/posts\/12826\/revisions"}],"wp:featuredmedia":[{"embeddable":true,"href":"https:\/\/maricatotal.com.br\/site\/wp-json\/wp\/v2\/media\/12829"}],"wp:attachment":[{"href":"https:\/\/maricatotal.com.br\/site\/wp-json\/wp\/v2\/media?parent=12826"}],"wp:term":[{"taxonomy":"category","embeddable":true,"href":"https:\/\/maricatotal.com.br\/site\/wp-json\/wp\/v2\/categories?post=12826"},{"taxonomy":"post_tag","embeddable":true,"href":"https:\/\/maricatotal.com.br\/site\/wp-json\/wp\/v2\/tags?post=12826"}],"curies":[{"name":"wp","href":"https:\/\/api.w.org\/{rel}","templated":true}]}}