{"id":12861,"date":"2020-07-28T08:06:34","date_gmt":"2020-07-28T11:06:34","guid":{"rendered":"http:\/\/maricatotal.com.br\/site\/?p=12861"},"modified":"2020-07-30T20:19:35","modified_gmt":"2020-07-30T23:19:35","slug":"niteroi-sera-primeira-cidade-do-rio-a-testar-vacina-contra-a-covid","status":"publish","type":"post","link":"https:\/\/maricatotal.com.br\/site\/2020\/07\/28\/niteroi-sera-primeira-cidade-do-rio-a-testar-vacina-contra-a-covid\/","title":{"rendered":"NITER\u00d3I SER\u00c1 PRIMEIRA CIDADE DO RIO A TESTAR VACINA CONTRA A COVID"},"content":{"rendered":"\n<p>O prefeito Rodrigo Neves assinou o termo de anu\u00eancia para a realiza\u00e7\u00e3o dos testes em Niter\u00f3i, ressaltando o orgulho para a cidade em participar desse esfor\u00e7o da comunidade cient\u00edfica para a descoberta de uma vacina eficaz e segura contra a Covid-19.<\/p>\n\n\n\n<p>\u201cTodas as medidas que a Prefeitura de Niter\u00f3i adotou no combate ao novo coronav\u00edrus e tamb\u00e9m no Plano de Transi\u00e7\u00e3o Gradual para o Novo Normal s\u00e3o baseadas na ci\u00eancia e nas melhores experi\u00eancias internacionais desta batalha pela vida contra esse inimigo invis\u00edvel que infelizmente j\u00e1 tirou a vida de milhares de brasileiros. Eu gostaria de agradecer e parabenizar a Fiocruz, o Instituto Butantan e o governo do estado de S\u00e3o Paulo e desejar \u00eaxito na fase 3 da pesquisa. Temos muita esperan\u00e7a de que todos os esfor\u00e7os que a comunidade cient\u00edfica internacional e brasileira ser\u00e3o bem-sucedidos para a descoberta, o mais r\u00e1pido poss\u00edvel, de uma vacina que seja capaz de imunizar contra a Covid-19\u201d, afirmou o prefeito.<br><br>O pesquisador do Instituto Nacional de Infectologia da Fiocruz, Andr\u00e9 Siqueira, disse que Niter\u00f3i est\u00e1 se destacando nacional e internacionalmente nas a\u00e7\u00f5es de preven\u00e7\u00e3o e combate \u00e0 pandemia. Ele explicou como ser\u00e1 feito o estudo cl\u00ednico em que ser\u00e1 avaliada a efetividade da vacina contra o novo coronav\u00edrus, ressaltando que \u00e9 um estudo de fase 3, o que quer dizer que j\u00e1 se passaram duas fases iniciais que mostraram que a vacina \u00e9 segura e produziu anticorpos efetivos contra o novo coronav\u00edrus.<br><br>\u201cOutras cidades do Brasil tamb\u00e9m est\u00e3o envolvidas no estudo. A prioridade \u00e9 aplicar em profissionais de sa\u00fade, que est\u00e3o sendo mais expostos. Para as pessoas volunt\u00e1rias que t\u00eam interesse em participar do estudo, vai haver um link, tanto na p\u00e1gina do Instituto Butantan, da Fiocruz e da Secretaria de Sa\u00fade de Niter\u00f3i, para que possam se inscrever. Tamb\u00e9m ser\u00e1 disponibilizado, a partir da semana que vem, um telefone. Eles ser\u00e3o convidados a irem ao centro de pesquisa, ser\u00e3o avaliados pela equipe m\u00e9dica e de enfermagem e far\u00e3o uma s\u00e9rie de exames. Consentindo e aceitando participar do estudo, ser\u00e3o feitas duas doses vacina: uma no primeiro dia, e outra, 14 dias depois. Todos ser\u00e3o acompanhados com exames regulares pelo per\u00edodo de um ano. No fim deste per\u00edodo teremos a avalia\u00e7\u00e3o se a vacina de fato funciona, como a gente prev\u00ea que ela possa funcionar, pelos resultados apresentados nas fases anteriores\u201d.<\/p>\n\n\n\n<p><br>O secret\u00e1rio de Sa\u00fade, Rodrigo Oliveira, informa que a Secretaria dar\u00e1 todo o apoio para a pesquisa e que acredita que em bons resultados.<\/p>\n\n\n\n<p><br>\u201cEssa parceria com a Fiocruz e o Butantan \u00e9 um passo muito importante nesta epidemia. Niter\u00f3i sempre esteve \u00e0 frente nas medidas de combate ao coronav\u00edrus e foi escolhida como polo para pesquisa da vacina contra a Covid-19. Estamos confiantes de que teremos um bom resultado neste trabalho\u201d, afirma o secret\u00e1rio.<br><br><\/p>\n\n\n\n<p><br>A subsecret\u00e1ria de Sa\u00fade de Niter\u00f3i, Camilla Franco, tamb\u00e9m participou da assinatura do termo de anu\u00eancia para realiza\u00e7\u00e3o dos testes.<br><br><br><\/p>\n\n\n\n<p><br><strong>Atividades esportivas &#8211;<\/strong>\u00a0A partir de quarta-feira (29), poder\u00e3o ser retomadas atividades como a pr\u00e1tica de canoa havaiana, futev\u00f4lei, voo solo de parapente e o v\u00f4lei de praia, com crit\u00e9rios de funcionamento e protocolos j\u00e1 orientados com as diversas institui\u00e7\u00f5es que representam esses segmentos na cidade. A partir de agosto tamb\u00e9m ser\u00e3o retomadas as aulas coletivas, com conjunto de protocolos que j\u00e1 foram definidos anteriormente. As medidas foram anunciadas pelo prefeito, nesta segunda-feira (27), em v\u00eddeo ao vivo nas redes sociais da Prefeitura.<\/p>\n\n\n\n<p>\u201c\u00c9 imprescind\u00edvel que as entidades esportivas orientem os praticantes no cumprimento dos protocolos determinados pelos \u00f3rg\u00e3os de sa\u00fade. S\u00f3 assim poderemos seguir avan\u00e7ando na retomada das atividades\u201d, afirmou o prefeito.<\/p>\n\n\n\n<p>De acordo com a subsecret\u00e1ria municipal de Sa\u00fade, Camilla Franco, sobre as regras para a pr\u00e1tica da canoa havaiana, a associa\u00e7\u00e3o apresentou um protocolo que foi devolvido tanto para a associa\u00e7\u00e3o como para a Secretaria Municipal de Esportes, no qual determina que durante a atividade ser\u00e1 preciso o uso do face shield.<\/p>\n\n\n\n<p>&#8220;Se voc\u00ea est\u00e1 com sintoma, ou teve contato com algu\u00e9m sintom\u00e1tico, \u00e9 preciso permanecer 14 dias em isolamento, sem realizar as atividades f\u00edsicas\u201d, enfatiza a subsecret\u00e1ria.<\/p>\n\n\n\n<p>No voo solo de parapente, o uso de m\u00e1scara tamb\u00e9m \u00e9 necess\u00e1rio, assim como no futev\u00f4lei e no v\u00f4lei de praia. Importante que os praticantes estejam sempre atentos ao distanciamento social, a higieniza\u00e7\u00e3o das m\u00e3os e a medi\u00e7\u00e3o de temperatura antes de iniciar a atividade. \u00a0 \u00a0<\/p>\n\n\n\n<p>Para as aulas coletivas ser\u00e1 adotado o teto m\u00e1ximo de 30% de ocupa\u00e7\u00e3o, garantindo distanciamento superior a dois metros entre as pessoas. As atividades devem ser sempre sem toque e com uso de m\u00e1scara.<br><br><br><strong>Ambulantes cadastrados \u2013<\/strong>\u00a0O primeiro dia de retorno \u00e0s atividades dos vendedores ambulantes de Niter\u00f3i dentro das regras do Plano de Transi\u00e7\u00e3o Gradual para um Novo Normal foi marcado por novos procedimentos de higiene e limpeza. Antes do retorno, os ambulantes passaram por capacita\u00e7\u00e3o da Secretaria Municipal de Sa\u00fade sobre todos os protocolos sanit\u00e1rios que devem cumprir contra a Covid-19 e receberam folhetos explicativos e m\u00e1scaras.<br><br>Entre as regras que devem ser seguidas pelos ambulantes est\u00e3o o distanciamento de, no m\u00ednimo, 2 metros entre as pessoas em lugares fechados e de 1,5m ao ar livre; uso do \u00e1lcool em gel para higieniza\u00e7\u00e3o pessoal e dos produtos, e uso de m\u00e1scaras. Os vendedores retornaram para os pontos e locais para onde estavam licenciados antes do in\u00edcio da pandemia, mantendo a barracas com a mesma padroniza\u00e7\u00e3o. Mesmo com a volta das atividades, a Prefeitura de Niter\u00f3i estendeu at\u00e9 dezembro o aux\u00edlio do cart\u00e3o do Busca Ativa para os ambulantes, no valor de R$ 500 mensais.<br><br><br><strong>Boletim &#8211;<\/strong>\u00a0A Secretaria Municipal de Sa\u00fade de Niter\u00f3i informa que o munic\u00edpio j\u00e1 tem 7.848 pacientes recuperados da Covid-19. Ao todo, a cidade registra 8.318 casos confirmados da doen\u00e7a e 107 pessoas em isolamento domiciliar sendo acompanhados pela Secretaria. Niter\u00f3i registra 285 \u00f3bitos.<br><a href=\"http:\/\/www.facebook.com\/sharer.php?u=http%3A%2F%2Fmwl.press%2Fosg85553\"><\/a><a href=\"https:\/\/twitter.com\/intent\/tweet?text=Niter%C3%B3i%20ser%C3%A1%20primeira%20cidade%20do%20Rio%20a%20testar%20vacina%20contra%20a%20covid&amp;via=jornalosg&amp;url=http%3A%2F%2Fmwl.press%2Fosg85553\"><\/a><\/p>\n","protected":false},"excerpt":{"rendered":"<p>O prefeito Rodrigo Neves assinou o termo de anu\u00eancia para a realiza\u00e7\u00e3o dos testes em Niter\u00f3i, ressaltando o orgulho para<\/p>\n","protected":false},"author":1,"featured_media":12862,"comment_status":"open","ping_status":"open","sticky":false,"template":"","format":"standard","meta":{"colormag_page_container_layout":"default_layout","colormag_page_sidebar_layout":"default_layout","footnotes":""},"categories":[18],"tags":[],"class_list":["post-12861","post","type-post","status-publish","format-standard","has-post-thumbnail","hentry","category-entretenimento"],"amp_enabled":true,"_links":{"self":[{"href":"https:\/\/maricatotal.com.br\/site\/wp-json\/wp\/v2\/posts\/12861","targetHints":{"allow":["GET"]}}],"collection":[{"href":"https:\/\/maricatotal.com.br\/site\/wp-json\/wp\/v2\/posts"}],"about":[{"href":"https:\/\/maricatotal.com.br\/site\/wp-json\/wp\/v2\/types\/post"}],"author":[{"embeddable":true,"href":"https:\/\/maricatotal.com.br\/site\/wp-json\/wp\/v2\/users\/1"}],"replies":[{"embeddable":true,"href":"https:\/\/maricatotal.com.br\/site\/wp-json\/wp\/v2\/comments?post=12861"}],"version-history":[{"count":0,"href":"https:\/\/maricatotal.com.br\/site\/wp-json\/wp\/v2\/posts\/12861\/revisions"}],"wp:featuredmedia":[{"embeddable":true,"href":"https:\/\/maricatotal.com.br\/site\/wp-json\/wp\/v2\/media\/12862"}],"wp:attachment":[{"href":"https:\/\/maricatotal.com.br\/site\/wp-json\/wp\/v2\/media?parent=12861"}],"wp:term":[{"taxonomy":"category","embeddable":true,"href":"https:\/\/maricatotal.com.br\/site\/wp-json\/wp\/v2\/categories?post=12861"},{"taxonomy":"post_tag","embeddable":true,"href":"https:\/\/maricatotal.com.br\/site\/wp-json\/wp\/v2\/tags?post=12861"}],"curies":[{"name":"wp","href":"https:\/\/api.w.org\/{rel}","templated":true}]}}