{"id":12900,"date":"2020-07-28T19:01:54","date_gmt":"2020-07-28T22:01:54","guid":{"rendered":"http:\/\/maricatotal.com.br\/site\/?p=12900"},"modified":"2020-07-30T20:18:04","modified_gmt":"2020-07-30T23:18:04","slug":"quem-nao-usar-mascaras-em-marica-podera-ser-multado","status":"publish","type":"post","link":"https:\/\/maricatotal.com.br\/site\/2020\/07\/28\/quem-nao-usar-mascaras-em-marica-podera-ser-multado\/","title":{"rendered":"QUEM N\u00c3O USAR M\u00c1SCARAS EM MARIC\u00c1 PODER\u00c1 SER MULTADO"},"content":{"rendered":"\n<p>O prefeito de Maric\u00e1, Fabiano Horta (PT), informou em live nesta ter\u00e7a-feira (28) que quem n\u00e3o usar m\u00e1scara facial no munic\u00edpio de Maric\u00e1 poder\u00e1 ser advertido ou multado. A nova medida seguir\u00e1 nos pr\u00f3ximos dias para a C\u00e2mara Municipal.<\/p>\n\n\n\n<p>O uso de m\u00e1scaras \u00e9 obrigat\u00f3rio em Maric\u00e1 desde o in\u00edcio de maio, e tem a finalidade de combater a pandemia da Covid-19, que j\u00e1 matou 81 mun\u00edcipes. <\/p>\n\n\n\n<p>Horta se mostrou preocupado com a grande movimenta\u00e7\u00e3o de pessoas sem m\u00e1scaras no munic\u00edpio no \u00faltimo fim de semana, onde praias e com\u00e9rcios foram vistos lotados.<\/p>\n\n\n\n<p>Agentes da prefeitura estar\u00e3o nas pra\u00e7as, parques, praias e em estabelecimentos da cidade para fiscalizar. <\/p>\n","protected":false},"excerpt":{"rendered":"<p>O prefeito de Maric\u00e1, Fabiano Horta (PT), informou em live nesta ter\u00e7a-feira (28) que quem n\u00e3o usar m\u00e1scara facial no<\/p>\n","protected":false},"author":1,"featured_media":12909,"comment_status":"open","ping_status":"open","sticky":false,"template":"","format":"standard","meta":{"colormag_page_container_layout":"default_layout","colormag_page_sidebar_layout":"default_layout","footnotes":""},"categories":[14,17],"tags":[],"class_list":["post-12900","post","type-post","status-publish","format-standard","has-post-thumbnail","hentry","category-bairros","category-politica"],"amp_enabled":true,"_links":{"self":[{"href":"https:\/\/maricatotal.com.br\/site\/wp-json\/wp\/v2\/posts\/12900","targetHints":{"allow":["GET"]}}],"collection":[{"href":"https:\/\/maricatotal.com.br\/site\/wp-json\/wp\/v2\/posts"}],"about":[{"href":"https:\/\/maricatotal.com.br\/site\/wp-json\/wp\/v2\/types\/post"}],"author":[{"embeddable":true,"href":"https:\/\/maricatotal.com.br\/site\/wp-json\/wp\/v2\/users\/1"}],"replies":[{"embeddable":true,"href":"https:\/\/maricatotal.com.br\/site\/wp-json\/wp\/v2\/comments?post=12900"}],"version-history":[{"count":0,"href":"https:\/\/maricatotal.com.br\/site\/wp-json\/wp\/v2\/posts\/12900\/revisions"}],"wp:featuredmedia":[{"embeddable":true,"href":"https:\/\/maricatotal.com.br\/site\/wp-json\/wp\/v2\/media\/12909"}],"wp:attachment":[{"href":"https:\/\/maricatotal.com.br\/site\/wp-json\/wp\/v2\/media?parent=12900"}],"wp:term":[{"taxonomy":"category","embeddable":true,"href":"https:\/\/maricatotal.com.br\/site\/wp-json\/wp\/v2\/categories?post=12900"},{"taxonomy":"post_tag","embeddable":true,"href":"https:\/\/maricatotal.com.br\/site\/wp-json\/wp\/v2\/tags?post=12900"}],"curies":[{"name":"wp","href":"https:\/\/api.w.org\/{rel}","templated":true}]}}