{"id":12991,"date":"2020-07-30T19:39:49","date_gmt":"2020-07-30T22:39:49","guid":{"rendered":"http:\/\/maricatotal.com.br\/site\/?p=12991"},"modified":"2020-07-30T20:19:34","modified_gmt":"2020-07-30T23:19:34","slug":"bosque-fundo-ganha-unidade-do-cras","status":"publish","type":"post","link":"https:\/\/maricatotal.com.br\/site\/2020\/07\/30\/bosque-fundo-ganha-unidade-do-cras\/","title":{"rendered":"BOSQUE FUNDO GANHA UNIDADE DO CRAS"},"content":{"rendered":"\n<p>Os moradores do Bosque Fundo, em Ino\u00e3, receberam da Prefeitura nesta quinta-feira (30\/07) uma nova unidade do Centro de Refer\u00eancia de Assist\u00eancia Social (CRAS). Localizado ao lado da Escola Municipal Romilda Nunes e pr\u00f3ximo do Residencial Carlos Alberto Soares de Freitas (Minha Casa Minha Vida de Ino\u00e3), o novo posto vai atender cerca de cinco mil fam\u00edlias. Assim, Maric\u00e1 passa a ter dez unidades do CRAS, al\u00e9m de uma unidade itinerante que percorre outros bairros ainda sem tais equipamentos.<\/p>\n\n\n\n<p>Secret\u00e1ria de Assist\u00eancia Social, Laura Vieira da Costa lembrou da necessidade desse CRAS em uma regi\u00e3o populosa. \u201cOs moradores do Minha Casa Minha Vida e adjac\u00eancias tinham que procurar o CRAS de Ino\u00e3 do outro lado da rodovia, ent\u00e3o era muito mais complicado. Hoje eles tem aqui, uma unidade perto de casa, com uma equipe de psic\u00f3logos, assistentes sociais, cadastradores e advogados que v\u00e3o oferecer os servi\u00e7os e garantir o acesso do cidad\u00e3o aos seus direitos em todas as pol\u00edticas p\u00fablicas da Prefeitura\u201d, explicou.<\/p>\n\n\n\n<p>Laura tamb\u00e9m destacou as a\u00e7\u00f5es de Assist\u00eancia Social em termos de pandemia. \u201cTodo m\u00eas s\u00e3o entregues 30 mil cestas b\u00e1sicas e kits de higiene para todas as fam\u00edlias que tem filhos matriculados na rede p\u00fablica em parceria com a Secretaria de Educa\u00e7\u00e3o. Al\u00e9m disso, todos aqueles que s\u00e3o cadastrados no CRAS tamb\u00e9m recebem um kit em suas pr\u00f3prias casas, evitando assim a aglomera\u00e7\u00e3o\u201d, ressaltou.<\/p>\n\n\n\n<p>Coordenadora da unidade, Marcelly Miliosi ressaltou alguns desafios que ser\u00e3o enfrentados a partir de agora. \u201cPor causa da pandemia, a gente n\u00e3o est\u00e1 tendo grupos, mas possui oficinas de designer de sobrancelha, de manicure e grupos intergeracionais. Ent\u00e3o, \u00e9 dar continuidade a esse trabalho que eu j\u00e1 fazia no CRAS da Regi\u00e3o Oce\u00e2nica para os moradores do Bosque Fundo, que \u00e9 realizar os acompanhamentos sistem\u00e1ticos, incluir as fam\u00edlias nos programas sociais e estimular os servi\u00e7os de fortalecimento de v\u00ednculos familiares junto da comunidade\u201d, pontuou.<\/p>\n\n\n\n<p>Diferentemente de outras unidades, no Bosque Fundo os moradores poder\u00e3o realizar atividades que foram interrompidas com o isolamento social, como oficinas de gera\u00e7\u00e3o de renda e n\u00facleos de conviv\u00eancia. Por ter uma \u00e1rea ao ar livre dispon\u00edvel, a atividade possibilita o respeito aos protocolos de seguran\u00e7a da pandemia.<\/p>\n\n\n\n<p>Durante este per\u00edodo, no entanto, o funcionamento ser\u00e1 feito somente com agendamentos, que podem ser feitos de segunda a sexta-feira das 8h \u00e0s 17h atrav\u00e9s do telefone (21) 99177-1466.<\/p>\n","protected":false},"excerpt":{"rendered":"<p>Os moradores do Bosque Fundo, em Ino\u00e3, receberam da Prefeitura nesta quinta-feira (30\/07) uma nova unidade do Centro de Refer\u00eancia<\/p>\n","protected":false},"author":1,"featured_media":12989,"comment_status":"open","ping_status":"open","sticky":false,"template":"","format":"standard","meta":{"colormag_page_container_layout":"default_layout","colormag_page_sidebar_layout":"default_layout","footnotes":""},"categories":[14,18],"tags":[],"class_list":["post-12991","post","type-post","status-publish","format-standard","has-post-thumbnail","hentry","category-bairros","category-entretenimento"],"amp_enabled":true,"_links":{"self":[{"href":"https:\/\/maricatotal.com.br\/site\/wp-json\/wp\/v2\/posts\/12991","targetHints":{"allow":["GET"]}}],"collection":[{"href":"https:\/\/maricatotal.com.br\/site\/wp-json\/wp\/v2\/posts"}],"about":[{"href":"https:\/\/maricatotal.com.br\/site\/wp-json\/wp\/v2\/types\/post"}],"author":[{"embeddable":true,"href":"https:\/\/maricatotal.com.br\/site\/wp-json\/wp\/v2\/users\/1"}],"replies":[{"embeddable":true,"href":"https:\/\/maricatotal.com.br\/site\/wp-json\/wp\/v2\/comments?post=12991"}],"version-history":[{"count":0,"href":"https:\/\/maricatotal.com.br\/site\/wp-json\/wp\/v2\/posts\/12991\/revisions"}],"wp:featuredmedia":[{"embeddable":true,"href":"https:\/\/maricatotal.com.br\/site\/wp-json\/wp\/v2\/media\/12989"}],"wp:attachment":[{"href":"https:\/\/maricatotal.com.br\/site\/wp-json\/wp\/v2\/media?parent=12991"}],"wp:term":[{"taxonomy":"category","embeddable":true,"href":"https:\/\/maricatotal.com.br\/site\/wp-json\/wp\/v2\/categories?post=12991"},{"taxonomy":"post_tag","embeddable":true,"href":"https:\/\/maricatotal.com.br\/site\/wp-json\/wp\/v2\/tags?post=12991"}],"curies":[{"name":"wp","href":"https:\/\/api.w.org\/{rel}","templated":true}]}}