{"id":13241,"date":"2020-08-07T13:27:25","date_gmt":"2020-08-07T16:27:25","guid":{"rendered":"http:\/\/maricatotal.com.br\/site\/?p=13241"},"modified":"2020-08-07T13:27:26","modified_gmt":"2020-08-07T16:27:26","slug":"prefeitura-debate-lei-aldir-blanc-com-organizacoes-culturais","status":"publish","type":"post","link":"https:\/\/maricatotal.com.br\/site\/2020\/08\/07\/prefeitura-debate-lei-aldir-blanc-com-organizacoes-culturais\/","title":{"rendered":"PREFEITURA DEBATE LEI ALDIR BLANC COM ORGANIZA\u00c7\u00d5ES CULTURAIS"},"content":{"rendered":"\n<p>O secret\u00e1rio de Cultura, Sady Bianchin, re\u00fane-se com representantes de 21 organiza\u00e7\u00f5es culturais de Maric\u00e1 em sala virtual, nesta quinta-feira (06\/08) \u00e0s 15h, para debater sobre a Lei Aldir Blanc e apresentar um plano de a\u00e7\u00e3o no sentido de fazer valer o aux\u00edlio segundo crit\u00e9rios aprovados por todos.<\/p>\n\n\n\n<p>O objetivo do encontro \u00e9 suscitar caminhos a fim de que os benef\u00edcios da lei alcancem de ponta a ponta os trabalhadores da cultura atrav\u00e9s da participa\u00e7\u00e3o direta dos coletivos, f\u00f3runs, institutos e cooperativas.&nbsp;&nbsp;&nbsp;&nbsp;<\/p>\n\n\n\n<p>\u201cPensamos arte e cultura como instrumentos de transforma\u00e7\u00e3o social. E \u00e9 com esse sentimento que queremos discutir pol\u00edticas p\u00fablicas de maneira horizontal, numa rela\u00e7\u00e3o de simbiose entre os gestores p\u00fablicos e a sociedade civil organizada. No caso, isso implica a meta de que toda a cadeia produtiva dos nossos trabalhadores da cultura seja amplamente contemplada pela lei\u201d, ressalta Sady.<\/p>\n\n\n\n<p>Para Rosely Pellegrino, representante da Comiss\u00e3o Lei Aldir Blanc, a reuni\u00e3o visa valorizar \u201ca cultura do mais\u201d e, o mais importante, definir os par\u00e2metros de pagamento de valores: \u201ca prefeitura recebeu um milh\u00e3o e 100 reais, a partir desse montante, precisamos criar regras claras e aprovadas pelo conjunto para estabelecer quem pode e ir\u00e1 obter de tr\u00eas a dez mil reais\u201d, explica. \u201cPorque s\u00f3 assim, podemos abrir as inscri\u00e7\u00f5es\u201d, acrescenta.<\/p>\n\n\n\n<p>J\u00e1 Raul Toledo, \u00e0 frente do Coletivo de Itaipua\u00e7u \u2013 primeiro a ser criado na cidade \u2013 destaca o fortalecimento da coes\u00e3o entre os artistas do munic\u00edpio.<\/p>\n\n\n\n<p>\u201cEssa lei incentiva a todos n\u00f3s, que trabalhamos com arte, a nos unir e ter uma maior consci\u00eancia do que \u00e9 a cultura em Maric\u00e1 e de como podemos trabalhar alinhados com a filosofia cultural da secretaria\u201d, conclui.&nbsp;<\/p>\n","protected":false},"excerpt":{"rendered":"<p>O secret\u00e1rio de Cultura, Sady Bianchin, re\u00fane-se com representantes de 21 organiza\u00e7\u00f5es culturais de Maric\u00e1 em sala virtual, nesta quinta-feira<\/p>\n","protected":false},"author":1,"featured_media":13242,"comment_status":"open","ping_status":"open","sticky":false,"template":"","format":"standard","meta":{"colormag_page_container_layout":"default_layout","colormag_page_sidebar_layout":"default_layout","footnotes":""},"categories":[18,17],"tags":[],"class_list":["post-13241","post","type-post","status-publish","format-standard","has-post-thumbnail","hentry","category-entretenimento","category-politica"],"amp_enabled":true,"_links":{"self":[{"href":"https:\/\/maricatotal.com.br\/site\/wp-json\/wp\/v2\/posts\/13241","targetHints":{"allow":["GET"]}}],"collection":[{"href":"https:\/\/maricatotal.com.br\/site\/wp-json\/wp\/v2\/posts"}],"about":[{"href":"https:\/\/maricatotal.com.br\/site\/wp-json\/wp\/v2\/types\/post"}],"author":[{"embeddable":true,"href":"https:\/\/maricatotal.com.br\/site\/wp-json\/wp\/v2\/users\/1"}],"replies":[{"embeddable":true,"href":"https:\/\/maricatotal.com.br\/site\/wp-json\/wp\/v2\/comments?post=13241"}],"version-history":[{"count":0,"href":"https:\/\/maricatotal.com.br\/site\/wp-json\/wp\/v2\/posts\/13241\/revisions"}],"wp:featuredmedia":[{"embeddable":true,"href":"https:\/\/maricatotal.com.br\/site\/wp-json\/wp\/v2\/media\/13242"}],"wp:attachment":[{"href":"https:\/\/maricatotal.com.br\/site\/wp-json\/wp\/v2\/media?parent=13241"}],"wp:term":[{"taxonomy":"category","embeddable":true,"href":"https:\/\/maricatotal.com.br\/site\/wp-json\/wp\/v2\/categories?post=13241"},{"taxonomy":"post_tag","embeddable":true,"href":"https:\/\/maricatotal.com.br\/site\/wp-json\/wp\/v2\/tags?post=13241"}],"curies":[{"name":"wp","href":"https:\/\/api.w.org\/{rel}","templated":true}]}}