{"id":13381,"date":"2020-08-12T11:04:48","date_gmt":"2020-08-12T14:04:48","guid":{"rendered":"http:\/\/maricatotal.com.br\/site\/?p=13381"},"modified":"2020-08-12T11:07:06","modified_gmt":"2020-08-12T14:07:06","slug":"vigilantes-bancarios-fazem-manifestacao-em-marica","status":"publish","type":"post","link":"https:\/\/maricatotal.com.br\/site\/2020\/08\/12\/vigilantes-bancarios-fazem-manifestacao-em-marica\/","title":{"rendered":"VIGILANTES BANC\u00c1RIOS FAZEM MANIFESTA\u00c7\u00c3O EM MARIC\u00c1"},"content":{"rendered":"\n<p>Vigilantes Banc\u00e1rios de Maric\u00e1, Niter\u00f3i e S\u00e3o Gon\u00e7alo realizaram uma manifesta\u00e7\u00e3o reivindicando direitos trabalhistas, na manh\u00e3 desta quarta-feira (12), em Maric\u00e1.<\/p>\n\n\n\n<p>A a\u00e7\u00e3o aconteceu em frente \u00e0 ag\u00eancias banc\u00e1rias no Centro de Maric\u00e1, com a finalidade de reivindicar o reajuste salarial, manuten\u00e7\u00e3o do plano ambulatorial, vale refei\u00e7\u00e3o e conven\u00e7\u00e3o coletiva de trabalho (CCT).<\/p>\n\n\n\n<p>Cerca de 60 pessoas participaram do movimento, que traziam diversas faixas, sendo uma delas escrito &#8221;Vigilantes em greve&#8221;.<\/p>\n","protected":false},"excerpt":{"rendered":"<p>Vigilantes Banc\u00e1rios de Maric\u00e1, Niter\u00f3i e S\u00e3o Gon\u00e7alo realizaram uma manifesta\u00e7\u00e3o reivindicando direitos trabalhistas, na manh\u00e3 desta quarta-feira (12), em<\/p>\n","protected":false},"author":1,"featured_media":13382,"comment_status":"open","ping_status":"open","sticky":false,"template":"","format":"standard","meta":{"colormag_page_container_layout":"default_layout","colormag_page_sidebar_layout":"default_layout","footnotes":""},"categories":[14,17],"tags":[],"class_list":["post-13381","post","type-post","status-publish","format-standard","has-post-thumbnail","hentry","category-bairros","category-politica"],"amp_enabled":true,"_links":{"self":[{"href":"https:\/\/maricatotal.com.br\/site\/wp-json\/wp\/v2\/posts\/13381","targetHints":{"allow":["GET"]}}],"collection":[{"href":"https:\/\/maricatotal.com.br\/site\/wp-json\/wp\/v2\/posts"}],"about":[{"href":"https:\/\/maricatotal.com.br\/site\/wp-json\/wp\/v2\/types\/post"}],"author":[{"embeddable":true,"href":"https:\/\/maricatotal.com.br\/site\/wp-json\/wp\/v2\/users\/1"}],"replies":[{"embeddable":true,"href":"https:\/\/maricatotal.com.br\/site\/wp-json\/wp\/v2\/comments?post=13381"}],"version-history":[{"count":0,"href":"https:\/\/maricatotal.com.br\/site\/wp-json\/wp\/v2\/posts\/13381\/revisions"}],"wp:featuredmedia":[{"embeddable":true,"href":"https:\/\/maricatotal.com.br\/site\/wp-json\/wp\/v2\/media\/13382"}],"wp:attachment":[{"href":"https:\/\/maricatotal.com.br\/site\/wp-json\/wp\/v2\/media?parent=13381"}],"wp:term":[{"taxonomy":"category","embeddable":true,"href":"https:\/\/maricatotal.com.br\/site\/wp-json\/wp\/v2\/categories?post=13381"},{"taxonomy":"post_tag","embeddable":true,"href":"https:\/\/maricatotal.com.br\/site\/wp-json\/wp\/v2\/tags?post=13381"}],"curies":[{"name":"wp","href":"https:\/\/api.w.org\/{rel}","templated":true}]}}