{"id":13387,"date":"2020-08-12T11:43:01","date_gmt":"2020-08-12T14:43:01","guid":{"rendered":"http:\/\/maricatotal.com.br\/site\/?p=13387"},"modified":"2020-08-12T11:43:04","modified_gmt":"2020-08-12T14:43:04","slug":"homem-fica-ferido-apos-cair-de-bicicleta-em-itaipuacu","status":"publish","type":"post","link":"https:\/\/maricatotal.com.br\/site\/2020\/08\/12\/homem-fica-ferido-apos-cair-de-bicicleta-em-itaipuacu\/","title":{"rendered":"HOMEM FICA FERIDO AP\u00d3S CAIR DE BICICLETA EM ITAIPUA\u00c7U"},"content":{"rendered":"\n<p>Um homem, de 58 anos, ficou ferido ap\u00f3s cair de bicicleta na Rua 36 com a Rua 71, no Jardim Atl\u00e2ntico, em Itaipua\u00e7u, nesta quarta-feira (12).<\/p>\n\n\n\n<p>Segundo informa\u00e7\u00f5es, o homem seguia pela rua quando caiu e teve uma contus\u00e3o no bra\u00e7o esquerdo e uma luxa\u00e7\u00e3o no ombro direito.<\/p>\n\n\n\n<p>Agentes do Servi\u00e7o de Atendimento M\u00f3vel de Urg\u00eancia (SAMU) foram acionados e seguiram para o local, prestando os primeiros socorros para a v\u00edtima.<\/p>\n\n\n\n<p>Em seguida, o homem foi encaminhado para Hospital Municipal Conde Modesto Leal, no Centro de Maric\u00e1, para realizar exames ortop\u00e9dicos. <\/p>\n","protected":false},"excerpt":{"rendered":"<p>Um homem, de 58 anos, ficou ferido ap\u00f3s cair de bicicleta na Rua 36 com a Rua 71, no Jardim<\/p>\n","protected":false},"author":1,"featured_media":13388,"comment_status":"open","ping_status":"open","sticky":false,"template":"","format":"standard","meta":{"colormag_page_container_layout":"default_layout","colormag_page_sidebar_layout":"default_layout","footnotes":""},"categories":[14],"tags":[],"class_list":["post-13387","post","type-post","status-publish","format-standard","has-post-thumbnail","hentry","category-bairros"],"amp_enabled":true,"_links":{"self":[{"href":"https:\/\/maricatotal.com.br\/site\/wp-json\/wp\/v2\/posts\/13387","targetHints":{"allow":["GET"]}}],"collection":[{"href":"https:\/\/maricatotal.com.br\/site\/wp-json\/wp\/v2\/posts"}],"about":[{"href":"https:\/\/maricatotal.com.br\/site\/wp-json\/wp\/v2\/types\/post"}],"author":[{"embeddable":true,"href":"https:\/\/maricatotal.com.br\/site\/wp-json\/wp\/v2\/users\/1"}],"replies":[{"embeddable":true,"href":"https:\/\/maricatotal.com.br\/site\/wp-json\/wp\/v2\/comments?post=13387"}],"version-history":[{"count":0,"href":"https:\/\/maricatotal.com.br\/site\/wp-json\/wp\/v2\/posts\/13387\/revisions"}],"wp:featuredmedia":[{"embeddable":true,"href":"https:\/\/maricatotal.com.br\/site\/wp-json\/wp\/v2\/media\/13388"}],"wp:attachment":[{"href":"https:\/\/maricatotal.com.br\/site\/wp-json\/wp\/v2\/media?parent=13387"}],"wp:term":[{"taxonomy":"category","embeddable":true,"href":"https:\/\/maricatotal.com.br\/site\/wp-json\/wp\/v2\/categories?post=13387"},{"taxonomy":"post_tag","embeddable":true,"href":"https:\/\/maricatotal.com.br\/site\/wp-json\/wp\/v2\/tags?post=13387"}],"curies":[{"name":"wp","href":"https:\/\/api.w.org\/{rel}","templated":true}]}}