{"id":1339,"date":"2019-05-29T08:23:30","date_gmt":"2019-05-29T11:23:30","guid":{"rendered":"http:\/\/maricatotal.com.br\/site\/?p=1339"},"modified":"2019-05-29T08:23:33","modified_gmt":"2019-05-29T11:23:33","slug":"com-falamansa-arraia-de-marica-tem-programacao-confirmada","status":"publish","type":"post","link":"https:\/\/maricatotal.com.br\/site\/2019\/05\/29\/com-falamansa-arraia-de-marica-tem-programacao-confirmada\/","title":{"rendered":"COM FALAMANSA, ARRAI\u00c1 DE MARIC\u00c1 TEM PROGRAMA\u00c7\u00c3O CONFIRMADA"},"content":{"rendered":"\n<p>O Arrai\u00e1 de Maric\u00e1 est\u00e1 chegando. Evento que faz parte do calend\u00e1rio de atra\u00e7\u00f5es que a Prefeitura oferece para a popula\u00e7\u00e3o anualmente come\u00e7a no dia 07\/06, a partir das 18h. Nesta primeira semana, os festejos de S\u00e3o Jo\u00e3o v\u00e3o contemplar os bairros de S\u00e3o Jos\u00e9 do Imbassa\u00ed, Itaipua\u00e7u e Ara\u00e7atiba.<\/p>\n\n\n\n<p>A Pra\u00e7a Tiradentes (Ara\u00e7atiba) entra no clima caipira com direito a bandeirinhas, adere\u00e7os e apresenta\u00e7\u00f5es de quadrilhas profissionais durante todo o fim de semana.<\/p>\n\n\n\n<p>O pontap\u00e9 inicial ser\u00e1 dado pela quadrilha Forroz\u00e3o Junino. Logo depois, o comando da noite ficar\u00e1 sob a responsabilidade de Tato, D\u00e9zinho, Alem\u00e3o e Valdir do grupo Falamansa, que voltam \u00e0 Maric\u00e1 com seu \u201cXote da Alegria\u201d na sexta-feira (07\/06), \u00e0s 22h.<\/p>\n\n\n\n<p>No s\u00e1bado (08\/06), tem quadrilha Bombocado e da Mi\u00f3 Idade, al\u00e9m de Rickson Maioli. J\u00e1 no domingo (09\/06), a quadrilha a se apresentar \u00e9 a Nazar\u00e9, seguida do \u201cPrata da Casa\u201d Bruno Berner.&nbsp; \u201cN\u00e3o fiquem em casa. Venham curtir comigo porque a cidade est\u00e1 perfeita com seguran\u00e7a, conforto e uma estrutura absurda\u201d, garante Berner.<\/p>\n\n\n\n<p>Na Pra\u00e7a Gilmar dos Santos Trindade (S\u00e3o Jos\u00e9 do Imbassa\u00ed) as atra\u00e7\u00f5es s\u00e3o o Grupo Forr\u00f3 Brasil, al\u00e9m dos cantores Betinho Bahia e Ismayer Alves na sexta-feira (07\/06), as cantoras Bruna, Marcella e Moniquinha \u00c2ngelo no s\u00e1bado (08\/06), al\u00e9m de quadrilha profissional Gera\u00e7\u00e3o de Ouro e do cantor Rickson Maioli no domingo (09\/06).<\/p>\n\n\n\n<p>Em Itaipua\u00e7u, o ritmo caipira chega \u00e0 Pra\u00e7a do Ferreira (Itaipua\u00e7u), com a quadrilha da Mi\u00f3 Idade e o cantor Rickson Maioli fazendo a festa dos moradores na sexta-feira (07\/06).<\/p>\n\n\n\n<p>A quadrilha profissional Gera\u00e7\u00e3o Realce e o animad\u00edssimo show do Trio Esp\u00edrito Santo acontecem no s\u00e1bado (08\/06). J\u00e1 a quadrilha Araqu\u00e9m e o show da banda TatudoEmCasa no domingo (09\/06). &nbsp;&nbsp;<\/p>\n","protected":false},"excerpt":{"rendered":"<p>Falamansa se apresentar\u00e1 em Ara\u00e7atiba. <\/p>\n","protected":false},"author":1,"featured_media":1340,"comment_status":"closed","ping_status":"closed","sticky":false,"template":"","format":"standard","meta":{"colormag_page_container_layout":"default_layout","colormag_page_sidebar_layout":"default_layout","footnotes":""},"categories":[18],"tags":[],"class_list":["post-1339","post","type-post","status-publish","format-standard","has-post-thumbnail","hentry","category-entretenimento"],"amp_enabled":true,"_links":{"self":[{"href":"https:\/\/maricatotal.com.br\/site\/wp-json\/wp\/v2\/posts\/1339","targetHints":{"allow":["GET"]}}],"collection":[{"href":"https:\/\/maricatotal.com.br\/site\/wp-json\/wp\/v2\/posts"}],"about":[{"href":"https:\/\/maricatotal.com.br\/site\/wp-json\/wp\/v2\/types\/post"}],"author":[{"embeddable":true,"href":"https:\/\/maricatotal.com.br\/site\/wp-json\/wp\/v2\/users\/1"}],"replies":[{"embeddable":true,"href":"https:\/\/maricatotal.com.br\/site\/wp-json\/wp\/v2\/comments?post=1339"}],"version-history":[{"count":0,"href":"https:\/\/maricatotal.com.br\/site\/wp-json\/wp\/v2\/posts\/1339\/revisions"}],"wp:featuredmedia":[{"embeddable":true,"href":"https:\/\/maricatotal.com.br\/site\/wp-json\/wp\/v2\/media\/1340"}],"wp:attachment":[{"href":"https:\/\/maricatotal.com.br\/site\/wp-json\/wp\/v2\/media?parent=1339"}],"wp:term":[{"taxonomy":"category","embeddable":true,"href":"https:\/\/maricatotal.com.br\/site\/wp-json\/wp\/v2\/categories?post=1339"},{"taxonomy":"post_tag","embeddable":true,"href":"https:\/\/maricatotal.com.br\/site\/wp-json\/wp\/v2\/tags?post=1339"}],"curies":[{"name":"wp","href":"https:\/\/api.w.org\/{rel}","templated":true}]}}